{"id":28401,"date":"2025-02-02T22:57:48","date_gmt":"2025-02-02T22:57:48","guid":{"rendered":"https:\/\/whsrn.org\/venezuela-fortalece-la-red-motus-en-la-salina-solar-de-los-olivitos\/"},"modified":"2025-02-11T21:55:35","modified_gmt":"2025-02-11T21:55:35","slug":"venezuela-fortalece-la-red-motus-en-la-salina-solar-de-los-olivitos","status":"publish","type":"post","link":"https:\/\/whsrn.org\/es\/venezuela-fortalece-la-red-motus-en-la-salina-solar-de-los-olivitos\/","title":{"rendered":"Venezuela fortalece la Red MOTUS en la Salina Solar de los Olivitos"},"content":{"rendered":"[vc_row css=&#8221;.vc_custom_1537359740219{margin-top: 0px !important;padding-top: 0px !important;}&#8221;][vc_column css=&#8221;.vc_custom_1537371217000{margin-top: 0px !important;padding-top: 0px !important;}&#8221;][mk_fancy_title tag_name=&#8221;span&#8221; color=&#8221;#53565a&#8221; size=&#8221;12&#8243; font_weight=&#8221;bold&#8221; margin_bottom=&#8221;0&#8243; font_family=&#8221;none&#8221; align=&#8221;center&#8221;]\nBasado en el informe presentado por el Equipo Motus de Venezuela y con la colaboraci\u00f3n de Miguel Matta y Arne Lesterhuis.<br \/>\n[\/mk_fancy_title][mk_padding_divider size=&#8221;20&#8243;][vc_column_text margin_bottom=&#8221;20&#8243; css=&#8221;.vc_custom_1738238542922{margin-top: 0px !important;margin-bottom: 0px !important;padding-top: 0px !important;}&#8221;]<b><span data-contrast=\"none\">La instalaci\u00f3n de una nueva estaci\u00f3n receptora MOTUS en la Salina Solar de los Olivitos representa un hito importante para el monitoreo de aves playeras en Venezuela y el hemisferio.<\/span><\/b><span data-ccp-props=\"{&quot;335559738&quot;:240,&quot;335559739&quot;:240}\">\u00a0<\/span><\/p>\n<p><span data-contrast=\"none\">La Salina Solar de los Olivitos, ubicada en el estado Zulia, es el \u00fanico sitio venezolano designado como parte de la Red Hemisf\u00e9rica de Reservas para Aves Playeras<\/span> <span data-contrast=\"none\">(RHRAP\/WHSRN). Este sitio de importancia <\/span><span data-contrast=\"none\">internacional<\/span><span data-contrast=\"none\"> alberga m\u00e1s de 100,000 aves playeras de 27 especies distintas, incluyendo especies migratorias que encuentran en este lugar un h\u00e1bitat de alta calidad durante sus largos viajes.<\/span><span data-ccp-props=\"{&quot;335559738&quot;:240,&quot;335559739&quot;:240}\">\u00a0<\/span><\/p>\n<p><span data-contrast=\"none\">El sitio tambi\u00e9n <\/span><span data-contrast=\"none\">es lim\u00edtrofe al<\/span><span data-contrast=\"none\"> Refugio de Fauna Silvestre y Reserva de Pesca Ci\u00e9naga de Los Olivitos, reconocido internacionalmente como sitio Ramsar y \u00c1rea de Importancia para las Aves (IBA VE014). Estos atributos lo convirtieron en una ubicaci\u00f3n ideal para la instalaci\u00f3n de la tercera estaci\u00f3n receptora MOTUS en Venezuela, un avance que permitir\u00e1 recopilar informaci\u00f3n clave sobre las rutas migratorias y la conectividad de <\/span><span data-contrast=\"none\">aves migratorias<\/span> <span data-contrast=\"none\">en la costa venezolan<\/span><span data-contrast=\"none\">a<\/span><span data-contrast=\"none\"> y <\/span><span data-contrast=\"none\">a lo largo del continente<\/span><span data-contrast=\"none\">.<\/span><\/p>\n<p><b><span data-contrast=\"auto\">Motus<\/span><\/b><span data-contrast=\"auto\"> es una red internacional de investigadores que colaboran utilizando radio telemetr\u00eda automatizada para rastrear simult\u00e1neamente a cientos de individuos de numerosas especies de aves, murci\u00e9lagos e insectos. <\/span><b><span data-contrast=\"auto\">Motus<\/span><\/b> <span data-contrast=\"auto\">es un programa de <\/span><b><span data-contrast=\"auto\">Birds<\/span><\/b> <b><span data-contrast=\"auto\">Canada<\/span><\/b> <span data-contrast=\"auto\">en asociaci\u00f3n con investigadores y otras organizaciones. Para al rastreo se utilizan <\/span><span data-contrast=\"auto\">Nanotags<\/span><span data-contrast=\"auto\">, transmisores de radio peque\u00f1os que env\u00edan informaci\u00f3n a trav\u00e9s de ondas de radio<\/span><span data-contrast=\"auto\"> aficionado, similar a las estaciones de radio que se usan para transmitir m\u00fasica a su autom\u00f3vil. Los transmisores utilizados para Motus est\u00e1n especialmente dise\u00f1ados para ser lo m\u00e1s peque\u00f1os y livianos posibles, lo que permite a los cient\u00edficos equipar animales peque\u00f1os sin da\u00f1arlos. Actualmente hay m\u00e1s de 2000 estaciones MOTUS activas en 34 pa\u00edses a nivel global, la mayor\u00eda est\u00e1n en Am\u00e9rica.<\/span><span data-ccp-props=\"{&quot;335559738&quot;:240,&quot;335559739&quot;:240}\">\u00a0<\/span>[\/vc_column_text][\/vc_column][\/vc_row][mk_page_section full_width=&#8221;true&#8221; padding_top=&#8221;25&#8243; padding_bottom=&#8221;0&#8243; sidebar=&#8221;sidebar-1&#8243;][vc_column width=&#8221;1\/2&#8243; css=&#8221;.vc_custom_1536683611141{margin-right: 0px !important;margin-left: 0px !important;padding-right: 3px !important;padding-left: 3px !important;}&#8221;][mk_image src=&#8221;https:\/\/whsrn.org\/wp-content\/uploads\/2025\/01\/1-2.png&#8221; image_size=&#8221;full&#8221;][\/vc_column][vc_column width=&#8221;1\/2&#8243; css=&#8221;.vc_custom_1536683620659{margin-right: 0px !important;margin-left: 0px !important;padding-right: 3px !important;padding-left: 3px !important;}&#8221;][mk_image src=&#8221;https:\/\/whsrn.org\/wp-content\/uploads\/2025\/01\/8.png&#8221; image_size=&#8221;full&#8221;][\/vc_column][\/mk_page_section][vc_row][vc_column][mk_fancy_title tag_name=&#8221;span&#8221; color=&#8221;#53565a&#8221; size=&#8221;12&#8243; font_weight=&#8221;bold&#8221; margin_bottom=&#8221;0&#8243; font_family=&#8221;none&#8221; align=&#8221;center&#8221;]\nIzquierda: Salina Solar los OlivitosLermith Torres. Foto: Lermith Torres. Derecha: el equipo t\u00e9cnico-industrial, cient\u00edfico y comunitario de la instalaci\u00f3n participante, y al fondo, las piscinas de la Salina Solar de los Olivitos donde se observan las aves en bandadas. <em>Foto: MOTUS en Venezuela.<\/em><br \/>\n[\/mk_fancy_title][mk_padding_divider size=&#8221;20&#8243;][vc_column_text margin_bottom=&#8221;20&#8243; css=&#8221;.vc_custom_1738238567612{margin-bottom: 0px !important;}&#8221;]\n<p aria-level=\"3\"><b><span data-contrast=\"none\">Objetivos alcanzados<\/span><\/b><span data-ccp-props=\"{&quot;134245418&quot;:true,&quot;134245529&quot;:true,&quot;335559738&quot;:281,&quot;335559739&quot;:281}\">\u00a0<\/span><\/p>\n<p><span data-contrast=\"none\">El proyecto se enfoc\u00f3 en:<\/span><span data-ccp-props=\"{&quot;335559738&quot;:240,&quot;335559739&quot;:240}\">\u00a0<\/span><\/p>\n<ol>\n<li data-leveltext=\"%1.\" data-font=\"\" data-listid=\"3\" data-list-defn-props=\"{&quot;335552541&quot;:0,&quot;335559685&quot;:720,&quot;335559991&quot;:360,&quot;469769242&quot;:[65533,0],&quot;469777803&quot;:&quot;left&quot;,&quot;469777804&quot;:&quot;%1.&quot;,&quot;469777815&quot;:&quot;hybridMultilevel&quot;}\" aria-setsize=\"-1\" data-aria-posinset=\"1\" data-aria-level=\"1\"><b><span data-contrast=\"none\">Instalar la nueva estaci\u00f3n receptora MOTUS:<\/span><\/b><span data-contrast=\"none\"> Esta infraestructura permitir\u00e1 el seguimiento de aves playeras y residentes en el estado Zulia, facilitando datos esenciales para la conservaci\u00f3n.<\/span><span data-ccp-props=\"{&quot;335559739&quot;:0}\">\u00a0<\/span><\/li>\n<\/ol>\n<ol>\n<li data-leveltext=\"%1.\" data-font=\"\" data-listid=\"3\" data-list-defn-props=\"{&quot;335552541&quot;:0,&quot;335559685&quot;:720,&quot;335559991&quot;:360,&quot;469769242&quot;:[65533,0],&quot;469777803&quot;:&quot;left&quot;,&quot;469777804&quot;:&quot;%1.&quot;,&quot;469777815&quot;:&quot;hybridMultilevel&quot;}\" aria-setsize=\"-1\" data-aria-posinset=\"2\" data-aria-level=\"1\"><b><span data-contrast=\"none\">Fortalecer capacidades locales:<\/span><\/b><span data-contrast=\"none\"> A trav\u00e9s de una capacitaci\u00f3n pr\u00e1ctica, se incrementaron los conocimientos t\u00e9cnicos, cient\u00edficos y comunitarios, apoyando los esfuerzos de conservaci\u00f3n en la Salina Solar de los Olivitos.<\/span><span data-ccp-props=\"{&quot;335559739&quot;:0}\">\u00a0<\/span><\/li>\n<\/ol>\n<p><span data-contrast=\"none\">Durante la instalaci\u00f3n, se capacit\u00f3 al personal local en el manejo y mantenimiento del equipo, y se verific\u00f3 su conexi\u00f3n al servidor global de la red MOTUS, lo que asegura el monitoreo continuo y accesible p\u00fablicamente.<\/span><span data-ccp-props=\"{&quot;335559738&quot;:240,&quot;335559739&quot;:240}\">\u00a0<\/span><br \/>\n[\/vc_column_text][\/vc_column][\/vc_row][mk_page_section min_height=&#8221;1&#8243; padding_bottom=&#8221;0&#8243; sidebar=&#8221;sidebar-1&#8243;][vc_column width=&#8221;1\/6&#8243;][\/vc_column][vc_column width=&#8221;2\/3&#8243;][mk_image src=&#8221;https:\/\/whsrn.org\/wp-content\/uploads\/2025\/01\/robin-arlene-karpan-3.png&#8221; image_size=&#8221;full&#8221;][mk_fancy_title tag_name=&#8221;span&#8221; color=&#8221;#53565a&#8221; size=&#8221;12&#8243; font_weight=&#8221;bold&#8221; margin_bottom=&#8221;0&#8243; font_family=&#8221;none&#8221; align=&#8221;center&#8221;]Un Chorlo Nevado en Salina Solar los Olivitos. <em>Foto: Lermith Torres.<\/em>[\/mk_fancy_title][\/vc_column][vc_column width=&#8221;1\/6&#8243;][\/vc_column][\/mk_page_section][vc_row][vc_column][mk_padding_divider size=&#8221;20&#8243;][vc_column_text margin_bottom=&#8221;20&#8243; css=&#8221;.vc_custom_1739310924050{margin-bottom: 0px !important;}&#8221;]<span data-contrast=\"none\">Especies de aves residentes y migratorias de inter\u00e9s a la conservaci\u00f3n asociadas al sitio de instalaci\u00f3n:<\/span><span data-ccp-props=\"{&quot;335559738&quot;:240,&quot;335559739&quot;:240}\">\u00a0<\/span><\/p>\n<p><span data-ccp-props=\"{&quot;335559738&quot;:240,&quot;335559739&quot;:240}\">\u00a0<\/span><\/p>\n<ul>\n<li data-leveltext=\"\uf0b7\" data-font=\"Symbol\" data-listid=\"2\" data-list-defn-props=\"{&quot;335552541&quot;:1,&quot;335559685&quot;:720,&quot;335559991&quot;:360,&quot;469769226&quot;:&quot;Symbol&quot;,&quot;469769242&quot;:[8226],&quot;469777803&quot;:&quot;left&quot;,&quot;469777804&quot;:&quot;\uf0b7&quot;,&quot;469777815&quot;:&quot;hybridMultilevel&quot;}\" aria-setsize=\"-1\" data-aria-posinset=\"1\" data-aria-level=\"1\"><b><span data-contrast=\"none\">Aves playeras<\/span><\/b><b><span data-contrast=\"none\"> y otras acu\u00e1ticas<\/span><\/b><b><span data-contrast=\"none\">:<\/span><\/b> <i><span data-contrast=\"none\">Calidris<\/span><\/i> <i><span data-contrast=\"none\">pusilla<\/span><\/i><i><span data-contrast=\"none\">, C. <\/span><\/i><i><span data-contrast=\"none\">fuscicollis<\/span><\/i><i><span data-contrast=\"none\">, C. <\/span><\/i><i><span data-contrast=\"none\">canutus<\/span><\/i><i><span data-contrast=\"none\">, C. <\/span><\/i><i><span data-contrast=\"none\">subruficollis<\/span><\/i><i><span data-contrast=\"none\">, C. <\/span><\/i><i><span data-contrast=\"none\">himantopus<\/span><\/i><i><span data-contrast=\"none\">, C. mauri y C. minutilla, <\/span><\/i><i><span data-contrast=\"none\">Tringa<\/span><\/i> <i><span data-contrast=\"none\">flavipes<\/span><\/i><i><span data-contrast=\"none\">, T. <\/span><\/i><i><span data-contrast=\"none\">melanoleuca<\/span><\/i><i><span data-contrast=\"none\">, <\/span><\/i><i><span data-contrast=\"none\">Phalaropus<\/span><\/i><i><span data-contrast=\"none\"> tricolor, P. <\/span><\/i><i><span data-contrast=\"none\">lobatus<\/span><\/i><i><span data-contrast=\"none\">, <\/span><\/i><i><span data-contrast=\"none\">Charadrius<\/span><\/i> <i><span data-contrast=\"none\">nivosus<\/span><\/i><i><span data-contrast=\"none\">, C. <\/span><\/i><i><span data-contrast=\"none\">wilsonia<\/span><\/i><i><span data-contrast=\"none\">, <\/span><\/i><i><span data-contrast=\"none\">Haematopus<\/span><\/i> <i><span data-contrast=\"none\">palliatus<\/span><\/i><i><span data-contrast=\"none\">, <\/span><\/i><i><span data-contrast=\"none\">Himantopus<\/span><\/i> <i><span data-contrast=\"none\">mexicanus<\/span><\/i><i><span data-contrast=\"none\">, <\/span><\/i><i><span data-contrast=\"none\">Vanellus<\/span><\/i><i><span data-contrast=\"none\"> chilensis, <\/span><\/i><i><span data-contrast=\"none\">Sternula<\/span><\/i> <i><span data-contrast=\"none\">antillarum<\/span><\/i><i><span data-contrast=\"none\">,<\/span><\/i><span data-ccp-props=\"{&quot;335559739&quot;:0}\">\u00a0<\/span><\/li>\n<li data-leveltext=\"\uf0b7\" data-font=\"Symbol\" data-listid=\"2\" data-list-defn-props=\"{&quot;335552541&quot;:1,&quot;335559685&quot;:720,&quot;335559991&quot;:360,&quot;469769226&quot;:&quot;Symbol&quot;,&quot;469769242&quot;:[8226],&quot;469777803&quot;:&quot;left&quot;,&quot;469777804&quot;:&quot;\uf0b7&quot;,&quot;469777815&quot;:&quot;hybridMultilevel&quot;}\" aria-setsize=\"-1\" data-aria-posinset=\"2\" data-aria-level=\"1\"><b><span data-contrast=\"none\">Aves <\/span><\/b><b><span data-contrast=\"none\">rapaces<\/span><\/b><b><span data-contrast=\"none\">:<\/span><\/b> <i><span data-contrast=\"none\">Falco peregrinus, F. <\/span><\/i><i><span data-contrast=\"none\">femoralis<\/span><\/i><i><span data-contrast=\"none\">, F. columbarius.<\/span><\/i>\n<p aria-level=\"3\"><b><span data-contrast=\"none\">Colaboraci\u00f3n<\/span><\/b> <b><span data-contrast=\"none\">internacional<\/span><\/b><span data-ccp-props=\"{&quot;134245418&quot;:true,&quot;134245529&quot;:true,&quot;335559738&quot;:281,&quot;335559739&quot;:281}\">\u00a0<\/span><\/p>\n<p><span data-contrast=\"none\">Este esfuerzo fue posible gracias a la coordinaci\u00f3n entre organizaciones, incluyendo cinco nacionales y cinco internacionales, entre las que destacan:<\/span><span data-ccp-props=\"{&quot;335559738&quot;:240,&quot;335559739&quot;:240}\">\u00a0<\/span><\/p>\n<ul>\n<li data-leveltext=\"\uf0b7\" data-font=\"Symbol\" data-listid=\"1\" data-list-defn-props=\"{&quot;335552541&quot;:1,&quot;335559685&quot;:720,&quot;335559991&quot;:360,&quot;469769226&quot;:&quot;Symbol&quot;,&quot;469769242&quot;:[8226],&quot;469777803&quot;:&quot;left&quot;,&quot;469777804&quot;:&quot;\uf0b7&quot;,&quot;469777815&quot;:&quot;hybridMultilevel&quot;}\" aria-setsize=\"-1\" data-aria-posinset=\"1\" data-aria-level=\"1\"><b><span data-contrast=\"none\">Nacionales:<\/span><\/b><span data-contrast=\"none\"> Uni\u00f3n Venezolana de Ornit\u00f3logos (UVO), PRODUSAL C.A., <\/span><span data-contrast=\"none\">Movimiento Ambientalista No Gubernamental La Educaci\u00f3n (MANGLE),<\/span> <span data-contrast=\"none\">el Ministerio del Poder Popular para el Ecosocialismo (MINEC)<\/span><span data-contrast=\"none\"> y la Universidad Central de Venezuela (UCV)<\/span><span data-contrast=\"none\">.<\/span><span data-ccp-props=\"{&quot;335559739&quot;:0}\">\u00a0<\/span><\/li>\n<\/ul>\n<ul>\n<li data-leveltext=\"\uf0b7\" data-font=\"Symbol\" data-listid=\"1\" data-list-defn-props=\"{&quot;335552541&quot;:1,&quot;335559685&quot;:720,&quot;335559991&quot;:360,&quot;469769226&quot;:&quot;Symbol&quot;,&quot;469769242&quot;:[8226],&quot;469777803&quot;:&quot;left&quot;,&quot;469777804&quot;:&quot;\uf0b7&quot;,&quot;469777815&quot;:&quot;hybridMultilevel&quot;}\" aria-setsize=\"-1\" data-aria-posinset=\"2\" data-aria-level=\"1\"><b><span data-contrast=\"none\">Internacionales<\/span><\/b><b><span data-contrast=\"none\">:<\/span><\/b><span data-contrast=\"none\"> Manomet, <\/span><span data-contrast=\"none\">Environment and Climate Change Canada<\/span><span data-contrast=\"none\">, Cell Tracking Technologies &amp; <\/span><span data-contrast=\"none\">Birds Canada<\/span><span data-contrast=\"none\">.<\/span><span data-ccp-props=\"{&quot;335559739&quot;:0}\">\u00a0<\/span><\/li>\n<\/ul>\n<p><span data-contrast=\"none\">La instalaci\u00f3n de esta nueva estaci\u00f3n MOTUS representa un paso significativo hacia el fortalecimiento de la red de monitoreo de aves migratorias en el hemisferio y refuerza el compromiso de Venezuela con la conservaci\u00f3n de su biodiversidad.<\/span><span data-ccp-props=\"{&quot;335559738&quot;:240,&quot;335559739&quot;:240}\">\u00a0<\/span><\/p>\n<p><span data-ccp-props=\"{&quot;335559738&quot;:240,&quot;335559739&quot;:240}\">\u00a0<\/span><\/p>\n<p><span data-contrast=\"none\">Para m\u00e1s informaci\u00f3n sobre la Red MOTUS contactar con Arne <\/span><span data-contrast=\"none\">Lesterhuis<\/span><span data-contrast=\"none\">, Especialista Senior de Conservaci\u00f3n de Aves Playeras<\/span><span data-ccp-props=\"{&quot;335559738&quot;:240,&quot;335559739&quot;:240}\">\u00a0<\/span><\/p>\n<p><span data-contrast=\"none\">Para m\u00e1s informaci\u00f3n sobre la Red MOTUS<\/span><span data-contrast=\"none\"> en Venezuela<\/span><span data-contrast=\"none\"> contactar con <\/span><span data-contrast=\"none\">Miguel Matta<\/span><span data-contrast=\"none\">, <\/span><span data-contrast=\"none\">Laboratorio de Biolog\u00eda y Conservaci\u00f3n de Aves, <\/span><span data-contrast=\"none\">Universidad Central <\/span><span data-contrast=\"none\">de Venezuela.<\/span><span data-ccp-props=\"{&quot;335559738&quot;:240,&quot;335559739&quot;:240}\">\u00a0<\/span><\/li>\n<\/ul>\n[\/vc_column_text][\/vc_column][\/vc_row][mk_page_section full_width=&#8221;true&#8221; padding_top=&#8221;25&#8243; padding_bottom=&#8221;0&#8243; sidebar=&#8221;sidebar-1&#8243;][vc_column width=&#8221;1\/2&#8243; css=&#8221;.vc_custom_1536683611141{margin-right: 0px !important;margin-left: 0px !important;padding-right: 3px !important;padding-left: 3px !important;}&#8221;][mk_image src=&#8221;https:\/\/whsrn.org\/wp-content\/uploads\/2025\/01\/7.png&#8221; image_size=&#8221;full&#8221;][\/vc_column][vc_column width=&#8221;1\/2&#8243; css=&#8221;.vc_custom_1536683620659{margin-right: 0px !important;margin-left: 0px !important;padding-right: 3px !important;padding-left: 3px !important;}&#8221;][mk_image src=&#8221;https:\/\/whsrn.org\/wp-content\/uploads\/2025\/01\/birds_by_aaron-1.png&#8221; image_size=&#8221;full&#8221;][\/vc_column][\/mk_page_section][vc_row][vc_column][mk_fancy_title tag_name=&#8221;span&#8221; color=&#8221;#53565a&#8221; size=&#8221;12&#8243; font_weight=&#8221;bold&#8221; margin_bottom=&#8221;0&#8243; font_family=&#8221;none&#8221; align=&#8221;center&#8221;]\nEl equipo instalando la nueva estaci\u00f3n receptora MOTUS. <em>Foto: Motus Venezuela<\/em><br \/>\n[\/mk_fancy_title][mk_padding_divider size=&#8221;20&#8243;][\/vc_column][\/vc_row][vc_row][vc_column][mk_fancy_title tag_name=&#8221;span&#8221; color=&#8221;#3d4045&#8243; size=&#8221;12&#8243; font_weight=&#8221;400&#8243; font_family=&#8221;none&#8221;]Foto de portada: El equipo local dirigiendo la instalaci\u00f3n de la estaci\u00f3n receptora Motus. <em>Foto: Motus Venezuela.<\/em>[\/mk_fancy_title][\/vc_column][\/vc_row]\n","protected":false},"excerpt":{"rendered":"<p>[vc_row css=&#8221;.vc_custom_1537359740219{margin-top: 0px !important;padding-top: 0px !important;}&#8221;][vc_column css=&#8221;.vc_custom_1537371217000{margin-top: 0px !important;padding-top: 0px !important;}&#8221;][mk_fancy_title tag_name=&#8221;span&#8221; color=&#8221;#53565a&#8221; size=&#8221;12&#8243; font_weight=&#8221;bold&#8221; margin_bottom=&#8221;0&#8243; font_family=&#8221;none&#8221; align=&#8221;center&#8221;] Basado en el informe presentado por el Equipo Motus de Venezuela y con la colaboraci\u00f3n de Miguel Matta y Arne Lesterhuis. [\/mk_fancy_title][mk_padding_divider size=&#8221;20&#8243;][vc_column_text margin_bottom=&#8221;20&#8243; css=&#8221;.vc_custom_1738238542922{margin-top: 0px !important;margin-bottom: 0px !important;padding-top: 0px !important;}&#8221;]La instalaci\u00f3n de una nueva estaci\u00f3n receptora [&hellip;]<\/p>\n","protected":false},"author":28,"featured_media":28365,"comment_status":"open","ping_status":"open","sticky":false,"template":"","format":"standard","meta":{"nf_dc_page":"","footnotes":""},"categories":[75,78,64,528],"tags":[],"class_list":["post-28401","post","type-post","status-publish","format-standard","has-post-thumbnail","hentry","category-conservacion-en-accion","category-noticias-de-los-sitios","category-sin-categorizar","category-whsrn-es"],"yoast_head":"<!-- This site is optimized with the Yoast SEO plugin v27.2 - https:\/\/yoast.com\/product\/yoast-seo-wordpress\/ -->\n<title>Venezuela fortalece la Red MOTUS en la Salina Solar de los Olivitos<\/title>\n<meta name=\"robots\" content=\"index, follow, max-snippet:-1, max-image-preview:large, max-video-preview:-1\" \/>\n<link rel=\"canonical\" href=\"https:\/\/whsrn.org\/es\/venezuela-fortalece-la-red-motus-en-la-salina-solar-de-los-olivitos\/\" \/>\n<meta property=\"og:locale\" content=\"es_ES\" \/>\n<meta property=\"og:type\" content=\"article\" \/>\n<meta property=\"og:title\" content=\"Venezuela fortalece la Red MOTUS en la Salina Solar de los Olivitos\" \/>\n<meta property=\"og:description\" content=\"[vc_row css=&#8221;.vc_custom_1537359740219{margin-top: 0px !important;padding-top: 0px !important;}&#8221;][vc_column css=&#8221;.vc_custom_1537371217000{margin-top: 0px !important;padding-top: 0px !important;}&#8221;][mk_fancy_title tag_name=&#8221;span&#8221; color=&#8221;#53565a&#8221; size=&#8221;12&#8243; font_weight=&#8221;bold&#8221; margin_bottom=&#8221;0&#8243; font_family=&#8221;none&#8221; align=&#8221;center&#8221;] Basado en el informe presentado por el Equipo Motus de Venezuela y con la colaboraci\u00f3n de Miguel Matta y Arne Lesterhuis. [\/mk_fancy_title][mk_padding_divider size=&#8221;20&#8243;][vc_column_text margin_bottom=&#8221;20&#8243; css=&#8221;.vc_custom_1738238542922{margin-top: 0px !important;margin-bottom: 0px !important;padding-top: 0px !important;}&#8221;]La instalaci\u00f3n de una nueva estaci\u00f3n receptora [&hellip;]\" \/>\n<meta property=\"og:url\" content=\"https:\/\/whsrn.org\/es\/venezuela-fortalece-la-red-motus-en-la-salina-solar-de-los-olivitos\/\" \/>\n<meta property=\"og:site_name\" content=\"WHSRN\" \/>\n<meta property=\"article:publisher\" content=\"https:\/\/www.facebook.com\/WHSRN\" \/>\n<meta property=\"article:published_time\" content=\"2025-02-02T22:57:48+00:00\" \/>\n<meta property=\"article:modified_time\" content=\"2025-02-11T21:55:35+00:00\" \/>\n<meta property=\"og:image\" content=\"https:\/\/whsrn.org\/wp-content\/uploads\/2025\/01\/8.png\" \/>\n\t<meta property=\"og:image:width\" content=\"1000\" \/>\n\t<meta property=\"og:image:height\" content=\"728\" \/>\n\t<meta property=\"og:image:type\" content=\"image\/png\" \/>\n<meta name=\"author\" content=\"Andrea Ferreira\" \/>\n<meta name=\"twitter:card\" content=\"summary_large_image\" \/>\n<meta name=\"twitter:creator\" content=\"@WHSRN\" \/>\n<meta name=\"twitter:site\" content=\"@WHSRN\" \/>\n<meta name=\"twitter:label1\" content=\"Escrito por\" \/>\n\t<meta name=\"twitter:data1\" content=\"Andrea Ferreira\" \/>\n\t<meta name=\"twitter:label2\" content=\"Tiempo de lectura\" \/>\n\t<meta name=\"twitter:data2\" content=\"4 minutos\" \/>\n<script type=\"application\/ld+json\" class=\"yoast-schema-graph\">{\"@context\":\"https:\/\/schema.org\",\"@graph\":[{\"@type\":\"Article\",\"@id\":\"https:\/\/whsrn.org\/es\/venezuela-fortalece-la-red-motus-en-la-salina-solar-de-los-olivitos\/#article\",\"isPartOf\":{\"@id\":\"https:\/\/whsrn.org\/es\/venezuela-fortalece-la-red-motus-en-la-salina-solar-de-los-olivitos\/\"},\"author\":{\"name\":\"Andrea Ferreira\",\"@id\":\"https:\/\/whsrn.org\/es\/#\/schema\/person\/c99f4586ddd69b25d743b18c11423e8e\"},\"headline\":\"Venezuela fortalece la Red MOTUS en la Salina Solar de los Olivitos\",\"datePublished\":\"2025-02-02T22:57:48+00:00\",\"dateModified\":\"2025-02-11T21:55:35+00:00\",\"mainEntityOfPage\":{\"@id\":\"https:\/\/whsrn.org\/es\/venezuela-fortalece-la-red-motus-en-la-salina-solar-de-los-olivitos\/\"},\"wordCount\":1213,\"commentCount\":0,\"publisher\":{\"@id\":\"https:\/\/whsrn.org\/es\/#organization\"},\"image\":{\"@id\":\"https:\/\/whsrn.org\/es\/venezuela-fortalece-la-red-motus-en-la-salina-solar-de-los-olivitos\/#primaryimage\"},\"thumbnailUrl\":\"https:\/\/whsrn.org\/wp-content\/uploads\/2025\/01\/8.png\",\"articleSection\":[\"Conservaci\u00f3n en Acci\u00f3n\",\"Noticias de los Sitios\",\"Sin categorizar\",\"WHSRN\"],\"inLanguage\":\"es\",\"potentialAction\":[{\"@type\":\"CommentAction\",\"name\":\"Comment\",\"target\":[\"https:\/\/whsrn.org\/es\/venezuela-fortalece-la-red-motus-en-la-salina-solar-de-los-olivitos\/#respond\"]}]},{\"@type\":\"WebPage\",\"@id\":\"https:\/\/whsrn.org\/es\/venezuela-fortalece-la-red-motus-en-la-salina-solar-de-los-olivitos\/\",\"url\":\"https:\/\/whsrn.org\/es\/venezuela-fortalece-la-red-motus-en-la-salina-solar-de-los-olivitos\/\",\"name\":\"Venezuela fortalece la Red MOTUS en la Salina Solar de los Olivitos\",\"isPartOf\":{\"@id\":\"https:\/\/whsrn.org\/es\/#website\"},\"primaryImageOfPage\":{\"@id\":\"https:\/\/whsrn.org\/es\/venezuela-fortalece-la-red-motus-en-la-salina-solar-de-los-olivitos\/#primaryimage\"},\"image\":{\"@id\":\"https:\/\/whsrn.org\/es\/venezuela-fortalece-la-red-motus-en-la-salina-solar-de-los-olivitos\/#primaryimage\"},\"thumbnailUrl\":\"https:\/\/whsrn.org\/wp-content\/uploads\/2025\/01\/8.png\",\"datePublished\":\"2025-02-02T22:57:48+00:00\",\"dateModified\":\"2025-02-11T21:55:35+00:00\",\"breadcrumb\":{\"@id\":\"https:\/\/whsrn.org\/es\/venezuela-fortalece-la-red-motus-en-la-salina-solar-de-los-olivitos\/#breadcrumb\"},\"inLanguage\":\"es\",\"potentialAction\":[{\"@type\":\"ReadAction\",\"target\":[\"https:\/\/whsrn.org\/es\/venezuela-fortalece-la-red-motus-en-la-salina-solar-de-los-olivitos\/\"]}]},{\"@type\":\"ImageObject\",\"inLanguage\":\"es\",\"@id\":\"https:\/\/whsrn.org\/es\/venezuela-fortalece-la-red-motus-en-la-salina-solar-de-los-olivitos\/#primaryimage\",\"url\":\"https:\/\/whsrn.org\/wp-content\/uploads\/2025\/01\/8.png\",\"contentUrl\":\"https:\/\/whsrn.org\/wp-content\/uploads\/2025\/01\/8.png\",\"width\":1000,\"height\":728},{\"@type\":\"BreadcrumbList\",\"@id\":\"https:\/\/whsrn.org\/es\/venezuela-fortalece-la-red-motus-en-la-salina-solar-de-los-olivitos\/#breadcrumb\",\"itemListElement\":[{\"@type\":\"ListItem\",\"position\":1,\"name\":\"Home\",\"item\":\"https:\/\/whsrn.org\/es\/\"},{\"@type\":\"ListItem\",\"position\":2,\"name\":\"Venezuela fortalece la Red MOTUS en la Salina Solar de los Olivitos\"}]},{\"@type\":\"WebSite\",\"@id\":\"https:\/\/whsrn.org\/es\/#website\",\"url\":\"https:\/\/whsrn.org\/es\/\",\"name\":\"WHSRN\",\"description\":\"Western Hemisphere Shorebird Reserve Network\",\"publisher\":{\"@id\":\"https:\/\/whsrn.org\/es\/#organization\"},\"potentialAction\":[{\"@type\":\"SearchAction\",\"target\":{\"@type\":\"EntryPoint\",\"urlTemplate\":\"https:\/\/whsrn.org\/es\/?s={search_term_string}\"},\"query-input\":{\"@type\":\"PropertyValueSpecification\",\"valueRequired\":true,\"valueName\":\"search_term_string\"}}],\"inLanguage\":\"es\"},{\"@type\":\"Organization\",\"@id\":\"https:\/\/whsrn.org\/es\/#organization\",\"name\":\"Western Hemisphere Shorebird Reserve Network\",\"url\":\"https:\/\/whsrn.org\/es\/\",\"logo\":{\"@type\":\"ImageObject\",\"inLanguage\":\"es\",\"@id\":\"https:\/\/whsrn.org\/es\/#\/schema\/logo\/image\/\",\"url\":\"https:\/\/whsrn.org\/wp-content\/uploads\/2021\/01\/whsrn_nostrapline_square.png\",\"contentUrl\":\"https:\/\/whsrn.org\/wp-content\/uploads\/2021\/01\/whsrn_nostrapline_square.png\",\"width\":800,\"height\":800,\"caption\":\"Western Hemisphere Shorebird Reserve Network\"},\"image\":{\"@id\":\"https:\/\/whsrn.org\/es\/#\/schema\/logo\/image\/\"},\"sameAs\":[\"https:\/\/www.facebook.com\/WHSRN\",\"https:\/\/x.com\/WHSRN\",\"https:\/\/www.youtube.com\/channel\/UCDMz2oCsiK8e03UxFhHhdEA\"]},{\"@type\":\"Person\",\"@id\":\"https:\/\/whsrn.org\/es\/#\/schema\/person\/c99f4586ddd69b25d743b18c11423e8e\",\"name\":\"Andrea Ferreira\",\"image\":{\"@type\":\"ImageObject\",\"inLanguage\":\"es\",\"@id\":\"https:\/\/secure.gravatar.com\/avatar\/4532eb6f862aef7186f9f8e214c44e27bf4b99128b948177797faedc6e98b9c1?s=96&d=mm&r=g\",\"url\":\"https:\/\/secure.gravatar.com\/avatar\/4532eb6f862aef7186f9f8e214c44e27bf4b99128b948177797faedc6e98b9c1?s=96&d=mm&r=g\",\"contentUrl\":\"https:\/\/secure.gravatar.com\/avatar\/4532eb6f862aef7186f9f8e214c44e27bf4b99128b948177797faedc6e98b9c1?s=96&d=mm&r=g\",\"caption\":\"Andrea Ferreira\"},\"url\":\"https:\/\/whsrn.org\/es\/author\/andreaferreira\/\"}]}<\/script>\n<!-- \/ Yoast SEO plugin. -->","yoast_head_json":{"title":"Venezuela fortalece la Red MOTUS en la Salina Solar de los Olivitos","robots":{"index":"index","follow":"follow","max-snippet":"max-snippet:-1","max-image-preview":"max-image-preview:large","max-video-preview":"max-video-preview:-1"},"canonical":"https:\/\/whsrn.org\/es\/venezuela-fortalece-la-red-motus-en-la-salina-solar-de-los-olivitos\/","og_locale":"es_ES","og_type":"article","og_title":"Venezuela fortalece la Red MOTUS en la Salina Solar de los Olivitos","og_description":"[vc_row css=&#8221;.vc_custom_1537359740219{margin-top: 0px !important;padding-top: 0px !important;}&#8221;][vc_column css=&#8221;.vc_custom_1537371217000{margin-top: 0px !important;padding-top: 0px !important;}&#8221;][mk_fancy_title tag_name=&#8221;span&#8221; color=&#8221;#53565a&#8221; size=&#8221;12&#8243; font_weight=&#8221;bold&#8221; margin_bottom=&#8221;0&#8243; font_family=&#8221;none&#8221; align=&#8221;center&#8221;] Basado en el informe presentado por el Equipo Motus de Venezuela y con la colaboraci\u00f3n de Miguel Matta y Arne Lesterhuis. [\/mk_fancy_title][mk_padding_divider size=&#8221;20&#8243;][vc_column_text margin_bottom=&#8221;20&#8243; css=&#8221;.vc_custom_1738238542922{margin-top: 0px !important;margin-bottom: 0px !important;padding-top: 0px !important;}&#8221;]La instalaci\u00f3n de una nueva estaci\u00f3n receptora [&hellip;]","og_url":"https:\/\/whsrn.org\/es\/venezuela-fortalece-la-red-motus-en-la-salina-solar-de-los-olivitos\/","og_site_name":"WHSRN","article_publisher":"https:\/\/www.facebook.com\/WHSRN","article_published_time":"2025-02-02T22:57:48+00:00","article_modified_time":"2025-02-11T21:55:35+00:00","og_image":[{"width":1000,"height":728,"url":"https:\/\/whsrn.org\/wp-content\/uploads\/2025\/01\/8.png","type":"image\/png"}],"author":"Andrea Ferreira","twitter_card":"summary_large_image","twitter_creator":"@WHSRN","twitter_site":"@WHSRN","twitter_misc":{"Escrito por":"Andrea Ferreira","Tiempo de lectura":"4 minutos"},"schema":{"@context":"https:\/\/schema.org","@graph":[{"@type":"Article","@id":"https:\/\/whsrn.org\/es\/venezuela-fortalece-la-red-motus-en-la-salina-solar-de-los-olivitos\/#article","isPartOf":{"@id":"https:\/\/whsrn.org\/es\/venezuela-fortalece-la-red-motus-en-la-salina-solar-de-los-olivitos\/"},"author":{"name":"Andrea Ferreira","@id":"https:\/\/whsrn.org\/es\/#\/schema\/person\/c99f4586ddd69b25d743b18c11423e8e"},"headline":"Venezuela fortalece la Red MOTUS en la Salina Solar de los Olivitos","datePublished":"2025-02-02T22:57:48+00:00","dateModified":"2025-02-11T21:55:35+00:00","mainEntityOfPage":{"@id":"https:\/\/whsrn.org\/es\/venezuela-fortalece-la-red-motus-en-la-salina-solar-de-los-olivitos\/"},"wordCount":1213,"commentCount":0,"publisher":{"@id":"https:\/\/whsrn.org\/es\/#organization"},"image":{"@id":"https:\/\/whsrn.org\/es\/venezuela-fortalece-la-red-motus-en-la-salina-solar-de-los-olivitos\/#primaryimage"},"thumbnailUrl":"https:\/\/whsrn.org\/wp-content\/uploads\/2025\/01\/8.png","articleSection":["Conservaci\u00f3n en Acci\u00f3n","Noticias de los Sitios","Sin categorizar","WHSRN"],"inLanguage":"es","potentialAction":[{"@type":"CommentAction","name":"Comment","target":["https:\/\/whsrn.org\/es\/venezuela-fortalece-la-red-motus-en-la-salina-solar-de-los-olivitos\/#respond"]}]},{"@type":"WebPage","@id":"https:\/\/whsrn.org\/es\/venezuela-fortalece-la-red-motus-en-la-salina-solar-de-los-olivitos\/","url":"https:\/\/whsrn.org\/es\/venezuela-fortalece-la-red-motus-en-la-salina-solar-de-los-olivitos\/","name":"Venezuela fortalece la Red MOTUS en la Salina Solar de los Olivitos","isPartOf":{"@id":"https:\/\/whsrn.org\/es\/#website"},"primaryImageOfPage":{"@id":"https:\/\/whsrn.org\/es\/venezuela-fortalece-la-red-motus-en-la-salina-solar-de-los-olivitos\/#primaryimage"},"image":{"@id":"https:\/\/whsrn.org\/es\/venezuela-fortalece-la-red-motus-en-la-salina-solar-de-los-olivitos\/#primaryimage"},"thumbnailUrl":"https:\/\/whsrn.org\/wp-content\/uploads\/2025\/01\/8.png","datePublished":"2025-02-02T22:57:48+00:00","dateModified":"2025-02-11T21:55:35+00:00","breadcrumb":{"@id":"https:\/\/whsrn.org\/es\/venezuela-fortalece-la-red-motus-en-la-salina-solar-de-los-olivitos\/#breadcrumb"},"inLanguage":"es","potentialAction":[{"@type":"ReadAction","target":["https:\/\/whsrn.org\/es\/venezuela-fortalece-la-red-motus-en-la-salina-solar-de-los-olivitos\/"]}]},{"@type":"ImageObject","inLanguage":"es","@id":"https:\/\/whsrn.org\/es\/venezuela-fortalece-la-red-motus-en-la-salina-solar-de-los-olivitos\/#primaryimage","url":"https:\/\/whsrn.org\/wp-content\/uploads\/2025\/01\/8.png","contentUrl":"https:\/\/whsrn.org\/wp-content\/uploads\/2025\/01\/8.png","width":1000,"height":728},{"@type":"BreadcrumbList","@id":"https:\/\/whsrn.org\/es\/venezuela-fortalece-la-red-motus-en-la-salina-solar-de-los-olivitos\/#breadcrumb","itemListElement":[{"@type":"ListItem","position":1,"name":"Home","item":"https:\/\/whsrn.org\/es\/"},{"@type":"ListItem","position":2,"name":"Venezuela fortalece la Red MOTUS en la Salina Solar de los Olivitos"}]},{"@type":"WebSite","@id":"https:\/\/whsrn.org\/es\/#website","url":"https:\/\/whsrn.org\/es\/","name":"WHSRN","description":"Western Hemisphere Shorebird Reserve Network","publisher":{"@id":"https:\/\/whsrn.org\/es\/#organization"},"potentialAction":[{"@type":"SearchAction","target":{"@type":"EntryPoint","urlTemplate":"https:\/\/whsrn.org\/es\/?s={search_term_string}"},"query-input":{"@type":"PropertyValueSpecification","valueRequired":true,"valueName":"search_term_string"}}],"inLanguage":"es"},{"@type":"Organization","@id":"https:\/\/whsrn.org\/es\/#organization","name":"Western Hemisphere Shorebird Reserve Network","url":"https:\/\/whsrn.org\/es\/","logo":{"@type":"ImageObject","inLanguage":"es","@id":"https:\/\/whsrn.org\/es\/#\/schema\/logo\/image\/","url":"https:\/\/whsrn.org\/wp-content\/uploads\/2021\/01\/whsrn_nostrapline_square.png","contentUrl":"https:\/\/whsrn.org\/wp-content\/uploads\/2021\/01\/whsrn_nostrapline_square.png","width":800,"height":800,"caption":"Western Hemisphere Shorebird Reserve Network"},"image":{"@id":"https:\/\/whsrn.org\/es\/#\/schema\/logo\/image\/"},"sameAs":["https:\/\/www.facebook.com\/WHSRN","https:\/\/x.com\/WHSRN","https:\/\/www.youtube.com\/channel\/UCDMz2oCsiK8e03UxFhHhdEA"]},{"@type":"Person","@id":"https:\/\/whsrn.org\/es\/#\/schema\/person\/c99f4586ddd69b25d743b18c11423e8e","name":"Andrea Ferreira","image":{"@type":"ImageObject","inLanguage":"es","@id":"https:\/\/secure.gravatar.com\/avatar\/4532eb6f862aef7186f9f8e214c44e27bf4b99128b948177797faedc6e98b9c1?s=96&d=mm&r=g","url":"https:\/\/secure.gravatar.com\/avatar\/4532eb6f862aef7186f9f8e214c44e27bf4b99128b948177797faedc6e98b9c1?s=96&d=mm&r=g","contentUrl":"https:\/\/secure.gravatar.com\/avatar\/4532eb6f862aef7186f9f8e214c44e27bf4b99128b948177797faedc6e98b9c1?s=96&d=mm&r=g","caption":"Andrea Ferreira"},"url":"https:\/\/whsrn.org\/es\/author\/andreaferreira\/"}]}},"_links":{"self":[{"href":"https:\/\/whsrn.org\/es\/wp-json\/wp\/v2\/posts\/28401","targetHints":{"allow":["GET"]}}],"collection":[{"href":"https:\/\/whsrn.org\/es\/wp-json\/wp\/v2\/posts"}],"about":[{"href":"https:\/\/whsrn.org\/es\/wp-json\/wp\/v2\/types\/post"}],"author":[{"embeddable":true,"href":"https:\/\/whsrn.org\/es\/wp-json\/wp\/v2\/users\/28"}],"replies":[{"embeddable":true,"href":"https:\/\/whsrn.org\/es\/wp-json\/wp\/v2\/comments?post=28401"}],"version-history":[{"count":3,"href":"https:\/\/whsrn.org\/es\/wp-json\/wp\/v2\/posts\/28401\/revisions"}],"predecessor-version":[{"id":28449,"href":"https:\/\/whsrn.org\/es\/wp-json\/wp\/v2\/posts\/28401\/revisions\/28449"}],"wp:featuredmedia":[{"embeddable":true,"href":"https:\/\/whsrn.org\/es\/wp-json\/wp\/v2\/media\/28365"}],"wp:attachment":[{"href":"https:\/\/whsrn.org\/es\/wp-json\/wp\/v2\/media?parent=28401"}],"wp:term":[{"taxonomy":"category","embeddable":true,"href":"https:\/\/whsrn.org\/es\/wp-json\/wp\/v2\/categories?post=28401"},{"taxonomy":"post_tag","embeddable":true,"href":"https:\/\/whsrn.org\/es\/wp-json\/wp\/v2\/tags?post=28401"}],"curies":[{"name":"wp","href":"https:\/\/api.w.org\/{rel}","templated":true}]}}