{"id":28283,"date":"2025-01-16T14:51:01","date_gmt":"2025-01-16T14:51:01","guid":{"rendered":"https:\/\/whsrn.org\/segunda-reunion-del-grupo-de-trabajo-sobre-rutas-migratorias-de-las-americas-de-la-convencion-sobre-la-conservacion-de-las-especies-migratorias-de-animales-silvestres\/"},"modified":"2025-01-16T17:35:23","modified_gmt":"2025-01-16T17:35:23","slug":"segunda-reunion-del-grupo-de-trabajo-sobre-rutas-migratorias-de-las-americas-de-la-convencion-sobre-la-conservacion-de-las-especies-migratorias-de-animales-silvestres","status":"publish","type":"post","link":"https:\/\/whsrn.org\/es\/segunda-reunion-del-grupo-de-trabajo-sobre-rutas-migratorias-de-las-americas-de-la-convencion-sobre-la-conservacion-de-las-especies-migratorias-de-animales-silvestres\/","title":{"rendered":"Segunda Reuni\u00f3n del Grupo de Trabajo sobre Rutas Migratorias de las Am\u00e9ricas de la Convenci\u00f3n sobre la Conservaci\u00f3n de las Especies Migratorias de Animales Silvestres"},"content":{"rendered":"[vc_row css=&#8221;.vc_custom_1537359740219{margin-top: 0px !important;padding-top: 0px !important;}&#8221;][vc_column css=&#8221;.vc_custom_1537371217000{margin-top: 0px !important;padding-top: 0px !important;}&#8221;][vc_column_text margin_bottom=&#8221;20&#8243; css=&#8221;.vc_custom_1737033800790{margin-top: 0px !important;margin-bottom: 0px !important;padding-top: 0px !important;}&#8221;]\n<p style=\"text-align: center;\"><span class=\"TrackChangeTextInsertion TrackedChange SCXW196869213 BCX4\"><span class=\"TextRun SCXW196869213 BCX4\" lang=\"EN-US\" xml:lang=\"EN-US\" data-contrast=\"none\"><span class=\"NormalTextRun SCXW196869213 BCX4\">5 y 6 de <\/span><span class=\"NormalTextRun SpellingErrorV2Themed SCXW196869213 BCX4\">diciembre<\/span><span class=\"NormalTextRun SCXW196869213 BCX4\"> de 2024<\/span><\/span><\/span><span class=\"EOP TrackedChange SCXW196869213 BCX4\" data-ccp-props=\"{&quot;134233117&quot;:false,&quot;134233118&quot;:false,&quot;335551550&quot;:0,&quot;335551620&quot;:0,&quot;335559738&quot;:240,&quot;335559739&quot;:240}\">\u00a0<\/span><\/p>\n[\/vc_column_text][mk_padding_divider size=&#8221;20&#8243;][vc_column_text margin_bottom=&#8221;20&#8243; css=&#8221;.vc_custom_1737033815303{margin-top: 0px !important;margin-bottom: 0px !important;padding-top: 0px !important;}&#8221;]<span data-contrast=\"none\">El Marco de las Rutas Migratorias de las Am\u00e9ricas (Americas Flyways Framework) fue desarrollado bajo los auspicios de la Convenci\u00f3n sobre la Conservaci\u00f3n de las Especies Migratorias de Animales Silvestres (<\/span><span data-contrast=\"none\">la Convenci\u00f3n sobre las Especies Migratorias, o CMS<\/span><span data-contrast=\"none\">) para apoyar a los gobiernos, organizaciones sin fines de lucro, instituciones de investigaci\u00f3n, empresas y ciudadanos en la conservaci\u00f3n de las aves migratorias y sus h\u00e1bitats en todo el Hemisferio Occidental. El Marco abarca todas las aves migratorias de las Am\u00e9ricas, incluidas las migratorias australes, con especial atenci\u00f3n a las especies migratorias amenazadas y a las especies en declive. <\/span><span data-ccp-props=\"{&quot;134233117&quot;:false,&quot;134233118&quot;:false,&quot;335551550&quot;:0,&quot;335551620&quot;:0,&quot;335559738&quot;:240,&quot;335559739&quot;:240}\">\u00a0<\/span><\/p>\n<p><span data-contrast=\"none\">El Marco y un Grupo de Trabajo para apoyar su aplicaci\u00f3n se pusieron en marcha en la 11\u00aa reuni\u00f3n de la <\/span><span data-contrast=\"none\">Conferencia de las Partes de la CMS<\/span><span data-contrast=\"none\"> (COP11) en Ecuador en 2014. El Grupo de Trabajo tiene como objetivo fortalecer la cooperaci\u00f3n entre los pa\u00edses de las Am\u00e9ricas, centr\u00e1ndose en las acciones de conservaci\u00f3n concertadas para las especies de aves migratorias, especialmente para llenar los vac\u00edos y promulgar la conservaci\u00f3n sobre el terreno. La primera reuni\u00f3n presencial del Grupo de <\/span><span data-contrast=\"none\">Trabajo<\/span><span data-contrast=\"none\"> se celebr\u00f3 en Florian\u00f3polis, Brasil, en julio de 2018 para priorizar acciones dentro del <\/span><span data-contrast=\"none\">Plan de Acci\u00f3n de la AFF<\/span><span data-contrast=\"none\"> aprobado para 2018-2023. <\/span><span data-ccp-props=\"{&quot;134233117&quot;:false,&quot;134233118&quot;:false,&quot;335551550&quot;:0,&quot;335551620&quot;:0,&quot;335559738&quot;:240,&quot;335559739&quot;:240}\">\u00a0<\/span><\/p>\n<p><span data-contrast=\"none\">La segunda reuni\u00f3n del Grupo de Trabajo AFF se celebr\u00f3 recientemente en Florian\u00f3polis durante los d\u00edas 5 y 6 de diciembre de 2024, organizada por el Gobierno de Brasil, reuniendo a organismos gubernamentales, ONG e instituciones financieras de todo el continente americano. Manomet Conservation Sciences estuvo representada por Rob Clay (Vicepresidente de Flyways), Juliana Bosi de Almeida (Directora General de Flyways) y Diego Luna Quevedo (Especialista Principal en Pol\u00edticas y Gobernanza). <\/span><span data-ccp-props=\"{&quot;134233117&quot;:false,&quot;134233118&quot;:false,&quot;335551550&quot;:0,&quot;335551620&quot;:0,&quot;335559738&quot;:240,&quot;335559739&quot;:240}\">\u00a0<\/span>[\/vc_column_text][\/vc_column][\/vc_row][mk_page_section full_width=&#8221;true&#8221; padding_top=&#8221;25&#8243; padding_bottom=&#8221;0&#8243; sidebar=&#8221;sidebar-1&#8243;][vc_column width=&#8221;1\/2&#8243; css=&#8221;.vc_custom_1536683611141{margin-right: 0px !important;margin-left: 0px !important;padding-right: 3px !important;padding-left: 3px !important;}&#8221;][mk_image src=&#8221;https:\/\/whsrn.org\/wp-content\/uploads\/2025\/01\/1.png&#8221; image_size=&#8221;full&#8221;][\/vc_column][vc_column width=&#8221;1\/2&#8243; css=&#8221;.vc_custom_1536683620659{margin-right: 0px !important;margin-left: 0px !important;padding-right: 3px !important;padding-left: 3px !important;}&#8221;][mk_image src=&#8221;https:\/\/whsrn.org\/wp-content\/uploads\/2025\/01\/2.png&#8221; image_size=&#8221;full&#8221;][\/vc_column][\/mk_page_section][vc_row][vc_column][mk_fancy_title tag_name=&#8221;span&#8221; color=&#8221;#53565a&#8221; size=&#8221;12&#8243; font_weight=&#8221;bold&#8221; margin_bottom=&#8221;0&#8243; font_family=&#8221;none&#8221; align=&#8221;center&#8221;]\n<div id=\"comp-jjabhjs7\" class=\"txtNew\" data-packed=\"true\">\n<div id=\"comp-jivjchjf\" class=\"txtNew\" data-packed=\"false\" data-min-height=\"17\">\n<div id=\"comp-jlcre5gi\" class=\"txtNew\" data-packed=\"false\" data-min-height=\"17\">\n<p>Izquierda: Participantes en la Segunda Reuni\u00f3n del Grupo de Trabajo sobre Rutas Migratorias de las Am\u00e9ricas en Brasil. Derecha: La delegaci\u00f3n de Manomet incluy\u00f3 a Diego Luna Quevedo (Especialista Senior en Pol\u00edticas y Gobernabilidad), Juliana Bosi (Directora General de Flyways), y Rob Clay (Vicepresidente de Flyways y Director de la Oficina Ejecutiva de la RHRAP). <em>Fotos:<\/em> <em>Cortes\u00eda.<\/em><\/p>\n<\/div>\n<\/div>\n<\/div>\n[\/mk_fancy_title][mk_padding_divider size=&#8221;20&#8243;][vc_column_text margin_bottom=&#8221;20&#8243; css=&#8221;.vc_custom_1737033835265{margin-bottom: 0px !important;}&#8221;]<span data-contrast=\"none\">Durante dos d\u00edas de interesantes debates, los participantes examinaron la aplicaci\u00f3n del Marco, acordaron actualizaciones y revisiones, identificaron a las partes interesadas estrat\u00e9gicas, y priorizaron los pr\u00f3ximos pasos en el camino hacia la COP15 de la CMS que se celebrar\u00e1 en Brasil en 2026. Las presentaciones de los pa\u00edses y las organizaciones observadoras destacaron los modelos de \u00e9xito, mostraron posibles oportunidades de financiaci\u00f3n y propusieron iniciativas de colaboraci\u00f3n para ampliar los recursos y el compromiso, con el objetivo de garantizar que la aplicaci\u00f3n del Marco sea eficaz, sostenible y cuente con el apoyo necesario.\u00a0<\/span><span data-ccp-props=\"{&quot;134233117&quot;:false,&quot;134233118&quot;:false,&quot;335559738&quot;:240,&quot;335559739&quot;:240}\">\u00a0<\/span><\/p>\n<p><span data-contrast=\"none\">Dirigiendo el debate sobre las posibles especies candidatas para su inclusi\u00f3n en los Ap\u00e9ndices de la <\/span><span data-contrast=\"none\">CMS1<\/span><span data-contrast=\"none\">, Rob Clay destac\u00f3 la reciente inclusi\u00f3n de 16 especies de aves playeras de las Am\u00e9ricas en la Lista Roja de la UICN en la categor\u00eda de especies amenazadas o casi amenazadas a nivel mundial, y se\u00f1al\u00f3 que \u00ab<\/span><i><span data-contrast=\"none\">14 figuran por primera vez como especies cuya conservaci\u00f3n preocupa a nivel mundial, lo que indica la necesidad de una acci\u00f3n de conservaci\u00f3n urgente y coordinada en toda su \u00e1rea de distribuci\u00f3n para revertir las disminuciones y restaurar las poblaciones<\/span><\/i><span data-contrast=\"none\">\u00bb. A principios de este a\u00f1o, en la COP13, el Chorlito de Magallanes (<\/span><i><span data-contrast=\"none\">Pluvianellus socialis<\/span><\/i><span data-contrast=\"none\">), especie globalmente vulnerable, fue incluido en el Ap\u00e9ndice I de la CMS, como resultado de una colaboraci\u00f3n entre los gobiernos de Chile y Argentina, Manomet Conservation Sciences, y los socios locales Asociaci\u00f3n Ambiente Sur y Centro de Rehabilitaci\u00f3n de Aves Le\u00f1adura. Estas mismas organizaciones encabezan ahora el desarrollo de un plan de acci\u00f3n binacional para recuperar la especie.\u00a0<\/span><span data-ccp-props=\"{&quot;134233117&quot;:false,&quot;134233118&quot;:false,&quot;335559738&quot;:240,&quot;335559739&quot;:240}\">\u00a0<\/span>[\/vc_column_text][\/vc_column][\/vc_row][mk_page_section min_height=&#8221;1&#8243; padding_bottom=&#8221;0&#8243; sidebar=&#8221;sidebar-1&#8243;][vc_column width=&#8221;1\/6&#8243;][\/vc_column][vc_column width=&#8221;2\/3&#8243;][mk_image src=&#8221;https:\/\/whsrn.org\/wp-content\/uploads\/2024\/12\/captura-de-pantalla-2024-12-04-a-las-11.55.46a.-m.png&#8221; image_size=&#8221;full&#8221;][mk_fancy_title tag_name=&#8221;span&#8221; color=&#8221;#53565a&#8221; size=&#8221;12&#8243; font_weight=&#8221;bold&#8221; margin_bottom=&#8221;0&#8243; font_family=&#8221;none&#8221; align=&#8221;center&#8221;]\nUn par de <span data-contrast=\"none\">Chorlitos de Magallanes<\/span>. <em>Foto: de Dubi Shapiro<\/em><br \/>\n[\/mk_fancy_title][\/vc_column][vc_column width=&#8221;1\/6&#8243;][\/vc_column][\/mk_page_section][vc_row][vc_column][mk_padding_divider size=&#8221;20&#8243;][vc_column_text margin_bottom=&#8221;20&#8243; css=&#8221;.vc_custom_1737035815729{margin-bottom: 0px !important;}&#8221;]<span data-contrast=\"auto\">Diego Luna Quevedo, Especialista en Pol\u00edtica y Gobernanza de Manomet Conservation Sciences, se\u00f1al\u00f3 que \u201c<\/span><i><span data-contrast=\"auto\">CMS proporciona un marco para la cooperaci\u00f3n internacional en la conservaci\u00f3n de especies migratorias que cruzan fronteras nacionales. Las aves playeras, por ejemplo, con sus grandes migraciones, requieren de articular acci\u00f3n local, nacional y cooperaci\u00f3n internacional. Esto es esencial para abordar la conservaci\u00f3n de manera efectiva, ya que las acciones de un solo pa\u00eds pueden impactar a las especies a escala de ciclo de vida anual. En medio de la severa crisis de biodiversidad que atravesamos, resulta urgente que los pa\u00edses avancemos en adoptar medidas para proteger\u00a0 a las especies migratorias y sus h\u00e1bitats, as\u00ed como colaborar en investigaci\u00f3n y monitoreo. Esto incluye la creaci\u00f3n de acuerdos, que pueden variar desde tratados vinculantes hasta memorandos menos formales\u201d\u00a0\u00a0<\/span><\/i><span data-contrast=\"auto\">\u00a0<\/span><span data-ccp-props=\"{&quot;335559738&quot;:240,&quot;335559739&quot;:240}\">\u00a0<\/span><\/p>\n<p><span data-contrast=\"none\">La reuni\u00f3n fue posible gracias a las contribuciones del Gobierno de Brasil, Manomet Conservation Sciences y una contribuci\u00f3n financiera del Gobierno del Reino Unido a la Secretar\u00eda de la CMS.\u00a0<\/span><span data-ccp-props=\"{&quot;134233117&quot;:false,&quot;134233118&quot;:false,&quot;335559738&quot;:240,&quot;335559739&quot;:240}\">\u00a0<\/span><\/p>\n<p><span data-contrast=\"none\">Para m\u00e1s informaci\u00f3n sobre la CMS y el Grupo de trabajo sobre Rutas Migratorias de las Am\u00e9ricas, p\u00f3ngase en contacto con Rob Clay, Vicepresidente de Rutas Migratorias. <\/span><span data-ccp-props=\"{&quot;134233117&quot;:false,&quot;134233118&quot;:false,&quot;335559738&quot;:240,&quot;335559739&quot;:240}\">\u00a0<\/span><\/p>\n<p><span data-ccp-props=\"{&quot;134233117&quot;:false,&quot;134233118&quot;:false,&quot;335559738&quot;:240,&quot;335559739&quot;:240}\">\u00a0<\/span>[\/vc_column_text][\/vc_column][\/vc_row][vc_row][vc_column][mk_fancy_title tag_name=&#8221;span&#8221; color=&#8221;#3d4045&#8243; size=&#8221;12&#8243; font_weight=&#8221;400&#8243; font_family=&#8221;none&#8221;]<strong>Foto de Portada: Chorlo de Magallanes.<em> Foto: Neil Bowman \/ Getty Images<\/em><\/strong>[\/mk_fancy_title][\/vc_column][\/vc_row]\n","protected":false},"excerpt":{"rendered":"<p>[vc_row css=&#8221;.vc_custom_1537359740219{margin-top: 0px !important;padding-top: 0px !important;}&#8221;][vc_column css=&#8221;.vc_custom_1537371217000{margin-top: 0px !important;padding-top: 0px !important;}&#8221;][vc_column_text margin_bottom=&#8221;20&#8243; css=&#8221;.vc_custom_1737033800790{margin-top: 0px !important;margin-bottom: 0px !important;padding-top: 0px !important;}&#8221;] 5 y 6 de diciembre de 2024\u00a0 [\/vc_column_text][mk_padding_divider size=&#8221;20&#8243;][vc_column_text margin_bottom=&#8221;20&#8243; css=&#8221;.vc_custom_1737033815303{margin-top: 0px !important;margin-bottom: 0px !important;padding-top: 0px !important;}&#8221;]El Marco de las Rutas Migratorias de las Am\u00e9ricas (Americas Flyways Framework) fue desarrollado bajo los auspicios de la Convenci\u00f3n [&hellip;]<\/p>\n","protected":false},"author":28,"featured_media":28281,"comment_status":"open","ping_status":"open","sticky":false,"template":"","format":"standard","meta":{"nf_dc_page":"","footnotes":""},"categories":[496],"tags":[],"class_list":["post-28283","post","type-post","status-publish","format-standard","has-post-thumbnail","hentry","category-executive-office-news"],"yoast_head":"<!-- This site is optimized with the Yoast SEO plugin v27.2 - https:\/\/yoast.com\/product\/yoast-seo-wordpress\/ -->\n<title>Segunda Reuni\u00f3n del Grupo de Trabajo sobre Rutas Migratorias de las Am\u00e9ricas de la Convenci\u00f3n sobre la Conservaci\u00f3n de las Especies Migratorias de Animales Silvestres<\/title>\n<meta name=\"robots\" content=\"index, follow, max-snippet:-1, max-image-preview:large, max-video-preview:-1\" \/>\n<link rel=\"canonical\" href=\"https:\/\/whsrn.org\/es\/segunda-reunion-del-grupo-de-trabajo-sobre-rutas-migratorias-de-las-americas-de-la-convencion-sobre-la-conservacion-de-las-especies-migratorias-de-animales-silvestres\/\" \/>\n<meta property=\"og:locale\" content=\"es_ES\" \/>\n<meta property=\"og:type\" content=\"article\" \/>\n<meta property=\"og:title\" content=\"Segunda Reuni\u00f3n del Grupo de Trabajo sobre Rutas Migratorias de las Am\u00e9ricas de la Convenci\u00f3n sobre la Conservaci\u00f3n de las Especies Migratorias de Animales Silvestres\" \/>\n<meta property=\"og:description\" content=\"[vc_row css=&#8221;.vc_custom_1537359740219{margin-top: 0px !important;padding-top: 0px !important;}&#8221;][vc_column css=&#8221;.vc_custom_1537371217000{margin-top: 0px !important;padding-top: 0px !important;}&#8221;][vc_column_text margin_bottom=&#8221;20&#8243; css=&#8221;.vc_custom_1737033800790{margin-top: 0px !important;margin-bottom: 0px !important;padding-top: 0px !important;}&#8221;] 5 y 6 de diciembre de 2024\u00a0 [\/vc_column_text][mk_padding_divider size=&#8221;20&#8243;][vc_column_text margin_bottom=&#8221;20&#8243; css=&#8221;.vc_custom_1737033815303{margin-top: 0px !important;margin-bottom: 0px !important;padding-top: 0px !important;}&#8221;]El Marco de las Rutas Migratorias de las Am\u00e9ricas (Americas Flyways Framework) fue desarrollado bajo los auspicios de la Convenci\u00f3n [&hellip;]\" \/>\n<meta property=\"og:url\" content=\"https:\/\/whsrn.org\/es\/segunda-reunion-del-grupo-de-trabajo-sobre-rutas-migratorias-de-las-americas-de-la-convencion-sobre-la-conservacion-de-las-especies-migratorias-de-animales-silvestres\/\" \/>\n<meta property=\"og:site_name\" content=\"WHSRN\" \/>\n<meta property=\"article:publisher\" content=\"https:\/\/www.facebook.com\/WHSRN\" \/>\n<meta property=\"article:published_time\" content=\"2025-01-16T14:51:01+00:00\" \/>\n<meta property=\"article:modified_time\" content=\"2025-01-16T17:35:23+00:00\" \/>\n<meta property=\"og:image\" content=\"https:\/\/whsrn.org\/wp-content\/uploads\/2025\/01\/template-photos-website.png\" \/>\n\t<meta property=\"og:image:width\" content=\"1375\" \/>\n\t<meta property=\"og:image:height\" content=\"1001\" \/>\n\t<meta property=\"og:image:type\" content=\"image\/png\" \/>\n<meta name=\"author\" content=\"Andrea Ferreira\" \/>\n<meta name=\"twitter:card\" content=\"summary_large_image\" \/>\n<meta name=\"twitter:creator\" content=\"@WHSRN\" \/>\n<meta name=\"twitter:site\" content=\"@WHSRN\" \/>\n<meta name=\"twitter:label1\" content=\"Escrito por\" \/>\n\t<meta name=\"twitter:data1\" content=\"Andrea Ferreira\" \/>\n\t<meta name=\"twitter:label2\" content=\"Tiempo de lectura\" \/>\n\t<meta name=\"twitter:data2\" content=\"6 minutos\" \/>\n<script type=\"application\/ld+json\" class=\"yoast-schema-graph\">{\"@context\":\"https:\/\/schema.org\",\"@graph\":[{\"@type\":\"Article\",\"@id\":\"https:\/\/whsrn.org\/es\/segunda-reunion-del-grupo-de-trabajo-sobre-rutas-migratorias-de-las-americas-de-la-convencion-sobre-la-conservacion-de-las-especies-migratorias-de-animales-silvestres\/#article\",\"isPartOf\":{\"@id\":\"https:\/\/whsrn.org\/es\/segunda-reunion-del-grupo-de-trabajo-sobre-rutas-migratorias-de-las-americas-de-la-convencion-sobre-la-conservacion-de-las-especies-migratorias-de-animales-silvestres\/\"},\"author\":{\"name\":\"Andrea Ferreira\",\"@id\":\"https:\/\/whsrn.org\/es\/#\/schema\/person\/c99f4586ddd69b25d743b18c11423e8e\"},\"headline\":\"Segunda Reuni\u00f3n del Grupo de Trabajo sobre Rutas Migratorias de las Am\u00e9ricas de la Convenci\u00f3n sobre la Conservaci\u00f3n de las Especies Migratorias de Animales Silvestres\",\"datePublished\":\"2025-01-16T14:51:01+00:00\",\"dateModified\":\"2025-01-16T17:35:23+00:00\",\"mainEntityOfPage\":{\"@id\":\"https:\/\/whsrn.org\/es\/segunda-reunion-del-grupo-de-trabajo-sobre-rutas-migratorias-de-las-americas-de-la-convencion-sobre-la-conservacion-de-las-especies-migratorias-de-animales-silvestres\/\"},\"wordCount\":1212,\"commentCount\":0,\"publisher\":{\"@id\":\"https:\/\/whsrn.org\/es\/#organization\"},\"image\":{\"@id\":\"https:\/\/whsrn.org\/es\/segunda-reunion-del-grupo-de-trabajo-sobre-rutas-migratorias-de-las-americas-de-la-convencion-sobre-la-conservacion-de-las-especies-migratorias-de-animales-silvestres\/#primaryimage\"},\"thumbnailUrl\":\"https:\/\/whsrn.org\/wp-content\/uploads\/2025\/01\/template-photos-website.png\",\"articleSection\":[\"Executive Office News\"],\"inLanguage\":\"es\",\"potentialAction\":[{\"@type\":\"CommentAction\",\"name\":\"Comment\",\"target\":[\"https:\/\/whsrn.org\/es\/segunda-reunion-del-grupo-de-trabajo-sobre-rutas-migratorias-de-las-americas-de-la-convencion-sobre-la-conservacion-de-las-especies-migratorias-de-animales-silvestres\/#respond\"]}]},{\"@type\":\"WebPage\",\"@id\":\"https:\/\/whsrn.org\/es\/segunda-reunion-del-grupo-de-trabajo-sobre-rutas-migratorias-de-las-americas-de-la-convencion-sobre-la-conservacion-de-las-especies-migratorias-de-animales-silvestres\/\",\"url\":\"https:\/\/whsrn.org\/es\/segunda-reunion-del-grupo-de-trabajo-sobre-rutas-migratorias-de-las-americas-de-la-convencion-sobre-la-conservacion-de-las-especies-migratorias-de-animales-silvestres\/\",\"name\":\"Segunda Reuni\u00f3n del Grupo de Trabajo sobre Rutas Migratorias de las Am\u00e9ricas de la Convenci\u00f3n sobre la Conservaci\u00f3n de las Especies Migratorias de Animales Silvestres\",\"isPartOf\":{\"@id\":\"https:\/\/whsrn.org\/es\/#website\"},\"primaryImageOfPage\":{\"@id\":\"https:\/\/whsrn.org\/es\/segunda-reunion-del-grupo-de-trabajo-sobre-rutas-migratorias-de-las-americas-de-la-convencion-sobre-la-conservacion-de-las-especies-migratorias-de-animales-silvestres\/#primaryimage\"},\"image\":{\"@id\":\"https:\/\/whsrn.org\/es\/segunda-reunion-del-grupo-de-trabajo-sobre-rutas-migratorias-de-las-americas-de-la-convencion-sobre-la-conservacion-de-las-especies-migratorias-de-animales-silvestres\/#primaryimage\"},\"thumbnailUrl\":\"https:\/\/whsrn.org\/wp-content\/uploads\/2025\/01\/template-photos-website.png\",\"datePublished\":\"2025-01-16T14:51:01+00:00\",\"dateModified\":\"2025-01-16T17:35:23+00:00\",\"breadcrumb\":{\"@id\":\"https:\/\/whsrn.org\/es\/segunda-reunion-del-grupo-de-trabajo-sobre-rutas-migratorias-de-las-americas-de-la-convencion-sobre-la-conservacion-de-las-especies-migratorias-de-animales-silvestres\/#breadcrumb\"},\"inLanguage\":\"es\",\"potentialAction\":[{\"@type\":\"ReadAction\",\"target\":[\"https:\/\/whsrn.org\/es\/segunda-reunion-del-grupo-de-trabajo-sobre-rutas-migratorias-de-las-americas-de-la-convencion-sobre-la-conservacion-de-las-especies-migratorias-de-animales-silvestres\/\"]}]},{\"@type\":\"ImageObject\",\"inLanguage\":\"es\",\"@id\":\"https:\/\/whsrn.org\/es\/segunda-reunion-del-grupo-de-trabajo-sobre-rutas-migratorias-de-las-americas-de-la-convencion-sobre-la-conservacion-de-las-especies-migratorias-de-animales-silvestres\/#primaryimage\",\"url\":\"https:\/\/whsrn.org\/wp-content\/uploads\/2025\/01\/template-photos-website.png\",\"contentUrl\":\"https:\/\/whsrn.org\/wp-content\/uploads\/2025\/01\/template-photos-website.png\",\"width\":1375,\"height\":1001,\"caption\":\"Neil Bowman \/ Getty Images\"},{\"@type\":\"BreadcrumbList\",\"@id\":\"https:\/\/whsrn.org\/es\/segunda-reunion-del-grupo-de-trabajo-sobre-rutas-migratorias-de-las-americas-de-la-convencion-sobre-la-conservacion-de-las-especies-migratorias-de-animales-silvestres\/#breadcrumb\",\"itemListElement\":[{\"@type\":\"ListItem\",\"position\":1,\"name\":\"Home\",\"item\":\"https:\/\/whsrn.org\/es\/\"},{\"@type\":\"ListItem\",\"position\":2,\"name\":\"Segunda Reuni\u00f3n del Grupo de Trabajo sobre Rutas Migratorias de las Am\u00e9ricas de la Convenci\u00f3n sobre la Conservaci\u00f3n de las Especies Migratorias de Animales Silvestres\"}]},{\"@type\":\"WebSite\",\"@id\":\"https:\/\/whsrn.org\/es\/#website\",\"url\":\"https:\/\/whsrn.org\/es\/\",\"name\":\"WHSRN\",\"description\":\"Western Hemisphere Shorebird Reserve Network\",\"publisher\":{\"@id\":\"https:\/\/whsrn.org\/es\/#organization\"},\"potentialAction\":[{\"@type\":\"SearchAction\",\"target\":{\"@type\":\"EntryPoint\",\"urlTemplate\":\"https:\/\/whsrn.org\/es\/?s={search_term_string}\"},\"query-input\":{\"@type\":\"PropertyValueSpecification\",\"valueRequired\":true,\"valueName\":\"search_term_string\"}}],\"inLanguage\":\"es\"},{\"@type\":\"Organization\",\"@id\":\"https:\/\/whsrn.org\/es\/#organization\",\"name\":\"Western Hemisphere Shorebird Reserve Network\",\"url\":\"https:\/\/whsrn.org\/es\/\",\"logo\":{\"@type\":\"ImageObject\",\"inLanguage\":\"es\",\"@id\":\"https:\/\/whsrn.org\/es\/#\/schema\/logo\/image\/\",\"url\":\"https:\/\/whsrn.org\/wp-content\/uploads\/2021\/01\/whsrn_nostrapline_square.png\",\"contentUrl\":\"https:\/\/whsrn.org\/wp-content\/uploads\/2021\/01\/whsrn_nostrapline_square.png\",\"width\":800,\"height\":800,\"caption\":\"Western Hemisphere Shorebird Reserve Network\"},\"image\":{\"@id\":\"https:\/\/whsrn.org\/es\/#\/schema\/logo\/image\/\"},\"sameAs\":[\"https:\/\/www.facebook.com\/WHSRN\",\"https:\/\/x.com\/WHSRN\",\"https:\/\/www.youtube.com\/channel\/UCDMz2oCsiK8e03UxFhHhdEA\"]},{\"@type\":\"Person\",\"@id\":\"https:\/\/whsrn.org\/es\/#\/schema\/person\/c99f4586ddd69b25d743b18c11423e8e\",\"name\":\"Andrea Ferreira\",\"image\":{\"@type\":\"ImageObject\",\"inLanguage\":\"es\",\"@id\":\"https:\/\/secure.gravatar.com\/avatar\/4532eb6f862aef7186f9f8e214c44e27bf4b99128b948177797faedc6e98b9c1?s=96&d=mm&r=g\",\"url\":\"https:\/\/secure.gravatar.com\/avatar\/4532eb6f862aef7186f9f8e214c44e27bf4b99128b948177797faedc6e98b9c1?s=96&d=mm&r=g\",\"contentUrl\":\"https:\/\/secure.gravatar.com\/avatar\/4532eb6f862aef7186f9f8e214c44e27bf4b99128b948177797faedc6e98b9c1?s=96&d=mm&r=g\",\"caption\":\"Andrea Ferreira\"},\"url\":\"https:\/\/whsrn.org\/es\/author\/andreaferreira\/\"}]}<\/script>\n<!-- \/ Yoast SEO plugin. -->","yoast_head_json":{"title":"Segunda Reuni\u00f3n del Grupo de Trabajo sobre Rutas Migratorias de las Am\u00e9ricas de la Convenci\u00f3n sobre la Conservaci\u00f3n de las Especies Migratorias de Animales Silvestres","robots":{"index":"index","follow":"follow","max-snippet":"max-snippet:-1","max-image-preview":"max-image-preview:large","max-video-preview":"max-video-preview:-1"},"canonical":"https:\/\/whsrn.org\/es\/segunda-reunion-del-grupo-de-trabajo-sobre-rutas-migratorias-de-las-americas-de-la-convencion-sobre-la-conservacion-de-las-especies-migratorias-de-animales-silvestres\/","og_locale":"es_ES","og_type":"article","og_title":"Segunda Reuni\u00f3n del Grupo de Trabajo sobre Rutas Migratorias de las Am\u00e9ricas de la Convenci\u00f3n sobre la Conservaci\u00f3n de las Especies Migratorias de Animales Silvestres","og_description":"[vc_row css=&#8221;.vc_custom_1537359740219{margin-top: 0px !important;padding-top: 0px !important;}&#8221;][vc_column css=&#8221;.vc_custom_1537371217000{margin-top: 0px !important;padding-top: 0px !important;}&#8221;][vc_column_text margin_bottom=&#8221;20&#8243; css=&#8221;.vc_custom_1737033800790{margin-top: 0px !important;margin-bottom: 0px !important;padding-top: 0px !important;}&#8221;] 5 y 6 de diciembre de 2024\u00a0 [\/vc_column_text][mk_padding_divider size=&#8221;20&#8243;][vc_column_text margin_bottom=&#8221;20&#8243; css=&#8221;.vc_custom_1737033815303{margin-top: 0px !important;margin-bottom: 0px !important;padding-top: 0px !important;}&#8221;]El Marco de las Rutas Migratorias de las Am\u00e9ricas (Americas Flyways Framework) fue desarrollado bajo los auspicios de la Convenci\u00f3n [&hellip;]","og_url":"https:\/\/whsrn.org\/es\/segunda-reunion-del-grupo-de-trabajo-sobre-rutas-migratorias-de-las-americas-de-la-convencion-sobre-la-conservacion-de-las-especies-migratorias-de-animales-silvestres\/","og_site_name":"WHSRN","article_publisher":"https:\/\/www.facebook.com\/WHSRN","article_published_time":"2025-01-16T14:51:01+00:00","article_modified_time":"2025-01-16T17:35:23+00:00","og_image":[{"width":1375,"height":1001,"url":"https:\/\/whsrn.org\/wp-content\/uploads\/2025\/01\/template-photos-website.png","type":"image\/png"}],"author":"Andrea Ferreira","twitter_card":"summary_large_image","twitter_creator":"@WHSRN","twitter_site":"@WHSRN","twitter_misc":{"Escrito por":"Andrea Ferreira","Tiempo de lectura":"6 minutos"},"schema":{"@context":"https:\/\/schema.org","@graph":[{"@type":"Article","@id":"https:\/\/whsrn.org\/es\/segunda-reunion-del-grupo-de-trabajo-sobre-rutas-migratorias-de-las-americas-de-la-convencion-sobre-la-conservacion-de-las-especies-migratorias-de-animales-silvestres\/#article","isPartOf":{"@id":"https:\/\/whsrn.org\/es\/segunda-reunion-del-grupo-de-trabajo-sobre-rutas-migratorias-de-las-americas-de-la-convencion-sobre-la-conservacion-de-las-especies-migratorias-de-animales-silvestres\/"},"author":{"name":"Andrea Ferreira","@id":"https:\/\/whsrn.org\/es\/#\/schema\/person\/c99f4586ddd69b25d743b18c11423e8e"},"headline":"Segunda Reuni\u00f3n del Grupo de Trabajo sobre Rutas Migratorias de las Am\u00e9ricas de la Convenci\u00f3n sobre la Conservaci\u00f3n de las Especies Migratorias de Animales Silvestres","datePublished":"2025-01-16T14:51:01+00:00","dateModified":"2025-01-16T17:35:23+00:00","mainEntityOfPage":{"@id":"https:\/\/whsrn.org\/es\/segunda-reunion-del-grupo-de-trabajo-sobre-rutas-migratorias-de-las-americas-de-la-convencion-sobre-la-conservacion-de-las-especies-migratorias-de-animales-silvestres\/"},"wordCount":1212,"commentCount":0,"publisher":{"@id":"https:\/\/whsrn.org\/es\/#organization"},"image":{"@id":"https:\/\/whsrn.org\/es\/segunda-reunion-del-grupo-de-trabajo-sobre-rutas-migratorias-de-las-americas-de-la-convencion-sobre-la-conservacion-de-las-especies-migratorias-de-animales-silvestres\/#primaryimage"},"thumbnailUrl":"https:\/\/whsrn.org\/wp-content\/uploads\/2025\/01\/template-photos-website.png","articleSection":["Executive Office News"],"inLanguage":"es","potentialAction":[{"@type":"CommentAction","name":"Comment","target":["https:\/\/whsrn.org\/es\/segunda-reunion-del-grupo-de-trabajo-sobre-rutas-migratorias-de-las-americas-de-la-convencion-sobre-la-conservacion-de-las-especies-migratorias-de-animales-silvestres\/#respond"]}]},{"@type":"WebPage","@id":"https:\/\/whsrn.org\/es\/segunda-reunion-del-grupo-de-trabajo-sobre-rutas-migratorias-de-las-americas-de-la-convencion-sobre-la-conservacion-de-las-especies-migratorias-de-animales-silvestres\/","url":"https:\/\/whsrn.org\/es\/segunda-reunion-del-grupo-de-trabajo-sobre-rutas-migratorias-de-las-americas-de-la-convencion-sobre-la-conservacion-de-las-especies-migratorias-de-animales-silvestres\/","name":"Segunda Reuni\u00f3n del Grupo de Trabajo sobre Rutas Migratorias de las Am\u00e9ricas de la Convenci\u00f3n sobre la Conservaci\u00f3n de las Especies Migratorias de Animales Silvestres","isPartOf":{"@id":"https:\/\/whsrn.org\/es\/#website"},"primaryImageOfPage":{"@id":"https:\/\/whsrn.org\/es\/segunda-reunion-del-grupo-de-trabajo-sobre-rutas-migratorias-de-las-americas-de-la-convencion-sobre-la-conservacion-de-las-especies-migratorias-de-animales-silvestres\/#primaryimage"},"image":{"@id":"https:\/\/whsrn.org\/es\/segunda-reunion-del-grupo-de-trabajo-sobre-rutas-migratorias-de-las-americas-de-la-convencion-sobre-la-conservacion-de-las-especies-migratorias-de-animales-silvestres\/#primaryimage"},"thumbnailUrl":"https:\/\/whsrn.org\/wp-content\/uploads\/2025\/01\/template-photos-website.png","datePublished":"2025-01-16T14:51:01+00:00","dateModified":"2025-01-16T17:35:23+00:00","breadcrumb":{"@id":"https:\/\/whsrn.org\/es\/segunda-reunion-del-grupo-de-trabajo-sobre-rutas-migratorias-de-las-americas-de-la-convencion-sobre-la-conservacion-de-las-especies-migratorias-de-animales-silvestres\/#breadcrumb"},"inLanguage":"es","potentialAction":[{"@type":"ReadAction","target":["https:\/\/whsrn.org\/es\/segunda-reunion-del-grupo-de-trabajo-sobre-rutas-migratorias-de-las-americas-de-la-convencion-sobre-la-conservacion-de-las-especies-migratorias-de-animales-silvestres\/"]}]},{"@type":"ImageObject","inLanguage":"es","@id":"https:\/\/whsrn.org\/es\/segunda-reunion-del-grupo-de-trabajo-sobre-rutas-migratorias-de-las-americas-de-la-convencion-sobre-la-conservacion-de-las-especies-migratorias-de-animales-silvestres\/#primaryimage","url":"https:\/\/whsrn.org\/wp-content\/uploads\/2025\/01\/template-photos-website.png","contentUrl":"https:\/\/whsrn.org\/wp-content\/uploads\/2025\/01\/template-photos-website.png","width":1375,"height":1001,"caption":"Neil Bowman \/ Getty Images"},{"@type":"BreadcrumbList","@id":"https:\/\/whsrn.org\/es\/segunda-reunion-del-grupo-de-trabajo-sobre-rutas-migratorias-de-las-americas-de-la-convencion-sobre-la-conservacion-de-las-especies-migratorias-de-animales-silvestres\/#breadcrumb","itemListElement":[{"@type":"ListItem","position":1,"name":"Home","item":"https:\/\/whsrn.org\/es\/"},{"@type":"ListItem","position":2,"name":"Segunda Reuni\u00f3n del Grupo de Trabajo sobre Rutas Migratorias de las Am\u00e9ricas de la Convenci\u00f3n sobre la Conservaci\u00f3n de las Especies Migratorias de Animales Silvestres"}]},{"@type":"WebSite","@id":"https:\/\/whsrn.org\/es\/#website","url":"https:\/\/whsrn.org\/es\/","name":"WHSRN","description":"Western Hemisphere Shorebird Reserve Network","publisher":{"@id":"https:\/\/whsrn.org\/es\/#organization"},"potentialAction":[{"@type":"SearchAction","target":{"@type":"EntryPoint","urlTemplate":"https:\/\/whsrn.org\/es\/?s={search_term_string}"},"query-input":{"@type":"PropertyValueSpecification","valueRequired":true,"valueName":"search_term_string"}}],"inLanguage":"es"},{"@type":"Organization","@id":"https:\/\/whsrn.org\/es\/#organization","name":"Western Hemisphere Shorebird Reserve Network","url":"https:\/\/whsrn.org\/es\/","logo":{"@type":"ImageObject","inLanguage":"es","@id":"https:\/\/whsrn.org\/es\/#\/schema\/logo\/image\/","url":"https:\/\/whsrn.org\/wp-content\/uploads\/2021\/01\/whsrn_nostrapline_square.png","contentUrl":"https:\/\/whsrn.org\/wp-content\/uploads\/2021\/01\/whsrn_nostrapline_square.png","width":800,"height":800,"caption":"Western Hemisphere Shorebird Reserve Network"},"image":{"@id":"https:\/\/whsrn.org\/es\/#\/schema\/logo\/image\/"},"sameAs":["https:\/\/www.facebook.com\/WHSRN","https:\/\/x.com\/WHSRN","https:\/\/www.youtube.com\/channel\/UCDMz2oCsiK8e03UxFhHhdEA"]},{"@type":"Person","@id":"https:\/\/whsrn.org\/es\/#\/schema\/person\/c99f4586ddd69b25d743b18c11423e8e","name":"Andrea Ferreira","image":{"@type":"ImageObject","inLanguage":"es","@id":"https:\/\/secure.gravatar.com\/avatar\/4532eb6f862aef7186f9f8e214c44e27bf4b99128b948177797faedc6e98b9c1?s=96&d=mm&r=g","url":"https:\/\/secure.gravatar.com\/avatar\/4532eb6f862aef7186f9f8e214c44e27bf4b99128b948177797faedc6e98b9c1?s=96&d=mm&r=g","contentUrl":"https:\/\/secure.gravatar.com\/avatar\/4532eb6f862aef7186f9f8e214c44e27bf4b99128b948177797faedc6e98b9c1?s=96&d=mm&r=g","caption":"Andrea Ferreira"},"url":"https:\/\/whsrn.org\/es\/author\/andreaferreira\/"}]}},"_links":{"self":[{"href":"https:\/\/whsrn.org\/es\/wp-json\/wp\/v2\/posts\/28283","targetHints":{"allow":["GET"]}}],"collection":[{"href":"https:\/\/whsrn.org\/es\/wp-json\/wp\/v2\/posts"}],"about":[{"href":"https:\/\/whsrn.org\/es\/wp-json\/wp\/v2\/types\/post"}],"author":[{"embeddable":true,"href":"https:\/\/whsrn.org\/es\/wp-json\/wp\/v2\/users\/28"}],"replies":[{"embeddable":true,"href":"https:\/\/whsrn.org\/es\/wp-json\/wp\/v2\/comments?post=28283"}],"version-history":[{"count":5,"href":"https:\/\/whsrn.org\/es\/wp-json\/wp\/v2\/posts\/28283\/revisions"}],"predecessor-version":[{"id":28326,"href":"https:\/\/whsrn.org\/es\/wp-json\/wp\/v2\/posts\/28283\/revisions\/28326"}],"wp:featuredmedia":[{"embeddable":true,"href":"https:\/\/whsrn.org\/es\/wp-json\/wp\/v2\/media\/28281"}],"wp:attachment":[{"href":"https:\/\/whsrn.org\/es\/wp-json\/wp\/v2\/media?parent=28283"}],"wp:term":[{"taxonomy":"category","embeddable":true,"href":"https:\/\/whsrn.org\/es\/wp-json\/wp\/v2\/categories?post=28283"},{"taxonomy":"post_tag","embeddable":true,"href":"https:\/\/whsrn.org\/es\/wp-json\/wp\/v2\/tags?post=28283"}],"curies":[{"name":"wp","href":"https:\/\/api.w.org\/{rel}","templated":true}]}}