{"id":27153,"date":"2024-06-25T19:08:04","date_gmt":"2024-06-25T19:08:04","guid":{"rendered":"https:\/\/whsrn.org\/festival-alado-de-las-salinas-de-huentelauquen-chile\/"},"modified":"2024-07-01T22:52:28","modified_gmt":"2024-07-01T22:52:28","slug":"festival-alado-de-las-salinas-de-huentelauquen-chile","status":"publish","type":"post","link":"https:\/\/whsrn.org\/es\/festival-alado-de-las-salinas-de-huentelauquen-chile\/","title":{"rendered":"Festival Alado de Las Salinas de Huentelauqu\u00e9n (Chile)"},"content":{"rendered":"[vc_row css=&#8221;.vc_custom_1537359740219{margin-top: 0px !important;padding-top: 0px !important;}&#8221;][vc_column css=&#8221;.vc_custom_1537371217000{margin-top: 0px !important;padding-top: 0px !important;}&#8221;][mk_padding_divider size=&#8221;20&#8243;][vc_column_text margin_bottom=&#8221;20&#8243; css=&#8221;.vc_custom_1719600842480{margin-top: 0px !important;margin-bottom: 0px !important;padding-top: 0px !important;}&#8221;]<span data-contrast=\"none\">Con el objetivo de reconocer el valor del patrimonio natural del Sitio RHRAP\/WHSRN <\/span><span data-contrast=\"none\">\u00a0<\/span><a href=\"https:\/\/whsrn.org\/es\/whsrn_sites\/salinas-de-huentelauquen\/\"><span data-contrast=\"none\">Las Salinas de <\/span><span data-contrast=\"none\">Huentelauqu\u00e9n<\/span><\/a><span data-contrast=\"none\">, se llevar\u00e1 a cabo <\/span><span data-contrast=\"none\">la primera edici\u00f3n del Festival Alado de <\/span><a href=\"https:\/\/word-edit.officeapps.live.com\/?p=17108\"><span data-contrast=\"none\">Las Salinas de Huentelauqu\u00e9n <\/span><\/a><span data-contrast=\"none\">\u00a0organizado por la\u202fRed de Observadores de Aves y Vida Silvestre de Chile (ROC) <\/span><span data-contrast=\"none\">entre el 17 \u2013 20 <\/span><span data-contrast=\"none\">de julio del 2024. Se realizar\u00e1n actividades culturales y recreativas gratuitas en establecimientos educacionales de Huentelauqu\u00e9n, localidad ubicada en la regi\u00f3n de Coquimbo, Chile. <\/span><span data-ccp-props=\"{&quot;201341983&quot;:2,&quot;335557856&quot;:16777215,&quot;335559739&quot;:0,&quot;335559740&quot;:398}\">\u00a0<\/span><\/p>\n<p><span data-contrast=\"none\">La riqueza de <\/span><a href=\"https:\/\/whsrn.org\/es\/whsrn_sites\/salinas-de-huentelauquen\/\"><span data-contrast=\"none\">Las Salinas de Huentelauqu\u00e9n<\/span><\/a><span data-contrast=\"none\"> se encuentra en su diversidad de ecosistemas con un complejo de humedales naturales marino-costeros y continentales representativos de la zona semi\u00e1rida de Chile. \u00a0En el 2022, <a href=\"https:\/\/whsrn.org\/es\/whsrn_sites\/salinas-de-huentelauquen\/\">Las Salinas de Huentelauqu\u00e9n<\/a> fueron designadas como Sitio de Importancia Regional de la Red Hemisf\u00e9rica de Reservas para Aves Playeras (RHRAP\/WHSRN). La designaci\u00f3n como s\u00e9ptimo sitio RHRAP\/WHSRN en Chile se basa en el valor biol\u00f3gico de Huentelauqu\u00e9n como sitio de invernada de m\u00e1s del 1% de la poblaci\u00f3n biogeogr\u00e1fica del Chorlo de Campo (<\/span><i><span data-contrast=\"none\">Oreopholus ruficollis ruficollis), <\/span><\/i><span data-contrast=\"none\">y es <\/span><span data-contrast=\"none\">adem\u00e1s un h\u00e1bitat cr\u00edtico para el Chorlo Nevado (C<\/span><i><span data-contrast=\"none\">haradrius nivosus occidentalis<\/span><\/i><span data-contrast=\"none\">). En total, el sitio alberga al menos 160 especies de aves tanto residentes como migratorias, particularmente aves playeras de la ruta migratoria del Pac\u00edfico de las Am\u00e9ricas. Tambi\u00e9n se encuentra la segunda poblaci\u00f3n m\u00e1s numerosa en la regi\u00f3n de Coquimbo del Pilpil\u00e9n Com\u00fan (<\/span><i><span data-contrast=\"none\">Haematopus palliatus<\/span><\/i><span data-contrast=\"none\">). \u00a0<\/span><span data-ccp-props=\"{&quot;201341983&quot;:0,&quot;335559739&quot;:160,&quot;335559740&quot;:279}\">\u00a0<\/span>[\/vc_column_text][\/vc_column][\/vc_row][mk_page_section min_height=&#8221;1&#8243; padding_bottom=&#8221;0&#8243; sidebar=&#8221;sidebar-1&#8243;][vc_column width=&#8221;1\/6&#8243;][\/vc_column][vc_column width=&#8221;2\/3&#8243;][mk_image src=&#8221;https:\/\/whsrn.org\/wp-content\/uploads\/2024\/06\/chorlo-de-campo-en-llanura-huentelauquen.-foto-por-cesar-pinones-scaled.jpg&#8221; image_size=&#8221;full&#8221;][mk_fancy_title tag_name=&#8221;span&#8221; color=&#8221;#53565a&#8221; size=&#8221;12&#8243; font_weight=&#8221;bold&#8221; margin_bottom=&#8221;0&#8243; font_family=&#8221;none&#8221; align=&#8221;center&#8221;]<span class=\"TextRun SCXW9698784 BCX4\" lang=\"ES-ES\" xml:lang=\"ES-ES\" data-contrast=\"none\"><span class=\"NormalTextRun SCXW9698784 BCX4\">La especie insignia del festival es el Chorlo de Campo (<\/span><\/span><span class=\"TextRun SCXW9698784 BCX4\" lang=\"ES-ES\" xml:lang=\"ES-ES\" data-contrast=\"none\"><em><span class=\"NormalTextRun SpellingErrorV2Themed SCXW9698784 BCX4\">Oreopholus<\/span> <span class=\"NormalTextRun SpellingErrorV2Themed SCXW9698784 BCX4\">ruficollis<\/span> <span class=\"NormalTextRun SpellingErrorV2Themed SCXW9698784 BCX4\">ruficollis<\/span><\/em><span class=\"NormalTextRun SCXW9698784 BCX4\">)<\/span><\/span><span class=\"TextRun SCXW9698784 BCX4\" lang=\"ES-ES\" xml:lang=\"ES-ES\" data-contrast=\"none\"><span class=\"NormalTextRun SCXW9698784 BCX4\"> debido al v\u00ednculo biocultural entre los antiguos habitantes de <\/span><span class=\"NormalTextRun SpellingErrorV2Themed SCXW9698784 BCX4\">Huentelauqu\u00e9n<\/span><span class=\"NormalTextRun SCXW9698784 BCX4\"> y la especie.<\/span><\/span><em><span class=\"TextRun SCXW9698784 BCX4\" lang=\"ES-ES\" xml:lang=\"ES-ES\" data-contrast=\"none\"><span class=\"NormalTextRun SCXW9698784 BCX4\"> Foto: C\u00e9sar Pi\u00f1ones.<\/span><\/span><span class=\"EOP SCXW9698784 BCX4\" data-ccp-props=\"{&quot;201341983&quot;:0,&quot;335559739&quot;:160,&quot;335559740&quot;:279}\">\u00a0<\/span><\/em>[\/mk_fancy_title][\/vc_column][vc_column width=&#8221;1\/6&#8243;][\/vc_column][\/mk_page_section][vc_row][vc_column][mk_padding_divider size=&#8221;20&#8243;][vc_column_text margin_bottom=&#8221;20&#8243; css=&#8221;.vc_custom_1719601066209{margin-bottom: 0px !important;}&#8221;]<b><span data-contrast=\"none\">Trabajo en conjunto con la comunidad local<\/span><\/b><span data-contrast=\"none\">\u00a0<\/span><span data-ccp-props=\"{&quot;201341983&quot;:0,&quot;335559738&quot;:240,&quot;335559739&quot;:240,&quot;335559740&quot;:279}\">\u00a0<\/span><\/p>\n<p><span data-contrast=\"none\">La especie insignia del festival es el Chorlo de Campo, tambi\u00e9n conocido como Pachurr\u00f3n por los habitantes locales, debido al v\u00ednculo biocultural que se ha construido a lo largo de los a\u00f1os entre los antiguos habitantes de Huentelauqu\u00e9n y la especie. En oto\u00f1o e invierno austral, en las llanuras del sitio, el Chorlo de Campo se congrega en n\u00fameros poblacionales de relevancia mundial, motivo por el cual el festival se realizar\u00e1 entre el 17 y el 20 de julio. <\/span><span data-ccp-props=\"{&quot;201341983&quot;:0,&quot;335559738&quot;:240,&quot;335559739&quot;:240,&quot;335559740&quot;:279}\">\u00a0<\/span><\/p>\n<p><span data-contrast=\"none\">Adem\u00e1s de ser un sitio RHRAP\/WHSRN, Las Salinas de\u202fHuentelauqu\u00e9n es reconocido como Sitio Ramsar. La Red de Observadores de Aves y Vida Silvestre de Chile lleva 15 a\u00f1os de trabajo ininterrumpido en el Sitio generando alianzas con actores locales, como vecinos, funcionarios municipales, instituciones de gobierno, universidades, centros de educaci\u00f3n, entre otros.\u202fCon el Festival Alado, la ROC busca fortalecer sus acciones de conservaci\u00f3n e involucramiento comunitario para que m\u00e1s personas identifiquen este lugar como un espacio privilegiado para la observaci\u00f3n de aves, la biodiversidad en general y los paisajes del semidesierto chileno. A su vez, se promueven las alianzas y redes de trabajo, contribuyendo a la econom\u00eda local.\u202f El festival ser\u00e1 un punto de partida para que la informaci\u00f3n cient\u00edfica recopilada sobre el sitio durante a\u00f1os llegue a la comunidad.\u00a0\u00a0<\/span><span data-ccp-props=\"{&quot;201341983&quot;:0,&quot;335559738&quot;:240,&quot;335559739&quot;:240,&quot;335559740&quot;:279}\">\u00a0<\/span><\/p>\n<p><span data-contrast=\"none\">Quienes asistan al festival podr\u00e1n participar de la realizaci\u00f3n de murales, adem\u00e1s de presenciar una obra de teatro, salidas de observaci\u00f3n de aves, feria de emprendedores, exhibici\u00f3n de un documental y charlas relacionadas a la riqueza biol\u00f3gica, ecosist\u00e9mica y cultural de Huentelauqu\u00e9n, entre otras.\u202f\u00a0<\/span><span data-ccp-props=\"{&quot;201341983&quot;:0,&quot;335559738&quot;:240,&quot;335559739&quot;:240,&quot;335559740&quot;:279}\">\u00a0<\/span><\/p>\n<p><span data-contrast=\"none\">El festival cuenta con el apoyo y colaboraci\u00f3n de la Municipalidad de Canela y la Comunidad Agr\u00edcola de Huentelauqu\u00e9n. A nivel internacional es apoyado por Manomet Conservation Sciences y el Servicio Forestal de los Estados Unidos.\u00a0\u00a0<\/span><span data-ccp-props=\"{&quot;201341983&quot;:0,&quot;335559738&quot;:240,&quot;335559739&quot;:240,&quot;335559740&quot;:279}\">\u00a0<\/span><\/p>\n<p><span data-contrast=\"none\">Para m\u00e1s informaci\u00f3n sobre el Festival Alado visita las<\/span><a href=\"https:\/\/www.instagram.com\/redobservadores\/p\/C8VRu7ouZGN\/\"><span data-contrast=\"none\"> redes sociales de la ROC\u00a0<\/span><\/a><span data-contrast=\"none\">\u00a0<\/span><span data-ccp-props=\"{&quot;201341983&quot;:0,&quot;335559738&quot;:240,&quot;335559739&quot;:240,&quot;335559740&quot;:279}\"> o contactando a <a href=\"cynthiafonseca@redobservadores.cl\">Cynthia Fonseca<\/a><\/span>[\/vc_column_text][\/vc_column][\/vc_row][mk_page_section min_height=&#8221;1&#8243; padding_bottom=&#8221;0&#8243; sidebar=&#8221;sidebar-1&#8243;][vc_column width=&#8221;1\/6&#8243;][\/vc_column][vc_column width=&#8221;2\/3&#8243;][mk_image src=&#8221;https:\/\/whsrn.org\/wp-content\/uploads\/2024\/06\/afiche-del-festival-alado-scaled.jpg&#8221; image_size=&#8221;full&#8221;][\/vc_column][vc_column width=&#8221;1\/6&#8243;][\/vc_column][\/mk_page_section][vc_row][vc_column][mk_padding_divider size=&#8221;20&#8243;][vc_column_text margin_bottom=&#8221;20&#8243; css=&#8221;.vc_custom_1719846884794{margin-bottom: 0px !important;}&#8221;]<span data-contrast=\"none\">Quienes asistan al festival podr\u00e1n participar de la realizaci\u00f3n de murales, adem\u00e1s de presenciar una obra de teatro, salidas de observaci\u00f3n de aves, feria de emprendedores, exhibici\u00f3n de un documental y charlas relacionadas a la riqueza biol\u00f3gica, ecosist\u00e9mica y cultural de Huentelauqu\u00e9n, entre otras.\u202f<\/span><span data-ccp-props=\"{&quot;201341983&quot;:2,&quot;335557856&quot;:16777215,&quot;335559739&quot;:0,&quot;335559740&quot;:398}\">\u00a0<\/span><\/p>\n<p><span data-contrast=\"none\">El festival cuenta con el apoyo y colaboraci\u00f3n de la Municipalidad de Canela y la Comunidad Agr\u00edcola de Huentelauqu\u00e9n. A nivel internacional es apoyado por Manomet Conservation Sciences a trav\u00e9s del programa de <a href=\"https:\/\/whsrn.org\/es\/acerca-de-whsrn\/pequenos-fondos-manomet-2026\/\">Peque\u00f1os Fondos para la Conservaci\u00f3n de Aves Playeras del Neotr\u00f3pico<\/a> y el Servicio Forestal de los Estados Unidos. <\/span><span data-ccp-props=\"{&quot;201341983&quot;:2,&quot;335557856&quot;:16777215,&quot;335559739&quot;:0,&quot;335559740&quot;:398}\">\u00a0<\/span><\/p>\n<p><span data-contrast=\"auto\">Para m\u00e1s informaci\u00f3n sobre el Festival Alado visita las<a href=\"https:\/\/www.instagram.com\/redobservadores\/p\/C8VRu7ouZGN\/\"> redes sociales de la ROC\u00a0<\/a><\/span><span data-ccp-props=\"{&quot;201341983&quot;:0,&quot;335559739&quot;:160,&quot;335559740&quot;:279}\">\u00a0<\/span><\/p>\n<p><span data-ccp-props=\"{&quot;201341983&quot;:0,&quot;335559739&quot;:160,&quot;335559740&quot;:279}\">\u00a0<\/span>[\/vc_column_text][\/vc_column][\/vc_row][vc_row][vc_column][mk_fancy_title tag_name=&#8221;span&#8221; color=&#8221;#3d4045&#8243; size=&#8221;12&#8243; font_weight=&#8221;400&#8243; font_family=&#8221;none&#8221;]<strong>Foto de Portada: Vista a\u00e9rea de Las Salinas de Huentelauqu\u00e9n. <em>Foto: V\u00edctor Bravo<\/em><\/strong>[\/mk_fancy_title][\/vc_column][\/vc_row]\n","protected":false},"excerpt":{"rendered":"<p>[vc_row css=&#8221;.vc_custom_1537359740219{margin-top: 0px !important;padding-top: 0px !important;}&#8221;][vc_column css=&#8221;.vc_custom_1537371217000{margin-top: 0px !important;padding-top: 0px !important;}&#8221;][mk_padding_divider size=&#8221;20&#8243;][vc_column_text margin_bottom=&#8221;20&#8243; css=&#8221;.vc_custom_1719600842480{margin-top: 0px !important;margin-bottom: 0px !important;padding-top: 0px !important;}&#8221;]Con el objetivo de reconocer el valor del patrimonio natural del Sitio RHRAP\/WHSRN \u00a0Las Salinas de Huentelauqu\u00e9n, se llevar\u00e1 a cabo la primera edici\u00f3n del Festival Alado de Las Salinas de Huentelauqu\u00e9n \u00a0organizado por la\u202fRed de [&hellip;]<\/p>\n","protected":false},"author":20,"featured_media":27145,"comment_status":"open","ping_status":"open","sticky":false,"template":"","format":"standard","meta":{"nf_dc_page":"","footnotes":""},"categories":[175,64,526],"tags":[],"class_list":["post-27153","post","type-post","status-publish","format-standard","has-post-thumbnail","hentry","category-eventos-festivales-celebraciones","category-sin-categorizar","category-whsrn"],"yoast_head":"<!-- This site is optimized with the Yoast SEO plugin v27.2 - https:\/\/yoast.com\/product\/yoast-seo-wordpress\/ -->\n<title>Festival Alado de Las Salinas de Huentelauqu\u00e9n (Chile)<\/title>\n<meta name=\"robots\" content=\"index, follow, max-snippet:-1, max-image-preview:large, max-video-preview:-1\" \/>\n<link rel=\"canonical\" href=\"https:\/\/whsrn.org\/es\/festival-alado-de-las-salinas-de-huentelauquen-chile\/\" \/>\n<meta property=\"og:locale\" content=\"es_ES\" \/>\n<meta property=\"og:type\" content=\"article\" \/>\n<meta property=\"og:title\" content=\"Festival Alado de Las Salinas de Huentelauqu\u00e9n (Chile)\" \/>\n<meta property=\"og:description\" content=\"[vc_row css=&#8221;.vc_custom_1537359740219{margin-top: 0px !important;padding-top: 0px !important;}&#8221;][vc_column css=&#8221;.vc_custom_1537371217000{margin-top: 0px !important;padding-top: 0px !important;}&#8221;][mk_padding_divider size=&#8221;20&#8243;][vc_column_text margin_bottom=&#8221;20&#8243; css=&#8221;.vc_custom_1719600842480{margin-top: 0px !important;margin-bottom: 0px !important;padding-top: 0px !important;}&#8221;]Con el objetivo de reconocer el valor del patrimonio natural del Sitio RHRAP\/WHSRN \u00a0Las Salinas de Huentelauqu\u00e9n, se llevar\u00e1 a cabo la primera edici\u00f3n del Festival Alado de Las Salinas de Huentelauqu\u00e9n \u00a0organizado por la\u202fRed de [&hellip;]\" \/>\n<meta property=\"og:url\" content=\"https:\/\/whsrn.org\/es\/festival-alado-de-las-salinas-de-huentelauquen-chile\/\" \/>\n<meta property=\"og:site_name\" content=\"WHSRN\" \/>\n<meta property=\"article:publisher\" content=\"https:\/\/www.facebook.com\/WHSRN\" \/>\n<meta property=\"article:published_time\" content=\"2024-06-25T19:08:04+00:00\" \/>\n<meta property=\"article:modified_time\" content=\"2024-07-01T22:52:28+00:00\" \/>\n<meta property=\"og:image\" content=\"https:\/\/whsrn.org\/wp-content\/uploads\/2024\/06\/festival-banner.jpg\" \/>\n\t<meta property=\"og:image:width\" content=\"2400\" \/>\n\t<meta property=\"og:image:height\" content=\"750\" \/>\n\t<meta property=\"og:image:type\" content=\"image\/jpeg\" \/>\n<meta name=\"author\" content=\"Guest Author\" \/>\n<meta name=\"twitter:card\" content=\"summary_large_image\" \/>\n<meta name=\"twitter:creator\" content=\"@WHSRN\" \/>\n<meta name=\"twitter:site\" content=\"@WHSRN\" \/>\n<meta name=\"twitter:label1\" content=\"Escrito por\" \/>\n\t<meta name=\"twitter:data1\" content=\"Autor Invitado\" \/>\n\t<meta name=\"twitter:label2\" content=\"Tiempo de lectura\" \/>\n\t<meta name=\"twitter:data2\" content=\"4 minutos\" \/>\n<script type=\"application\/ld+json\" class=\"yoast-schema-graph\">{\"@context\":\"https:\/\/schema.org\",\"@graph\":[{\"@type\":\"Article\",\"@id\":\"https:\/\/whsrn.org\/es\/festival-alado-de-las-salinas-de-huentelauquen-chile\/#article\",\"isPartOf\":{\"@id\":\"https:\/\/whsrn.org\/es\/festival-alado-de-las-salinas-de-huentelauquen-chile\/\"},\"author\":{\"name\":\"Guest Author\",\"@id\":\"https:\/\/whsrn.org\/es\/#\/schema\/person\/99cbcafd1a567d9e50eed8268171f392\"},\"headline\":\"Festival Alado de Las Salinas de Huentelauqu\u00e9n (Chile)\",\"datePublished\":\"2024-06-25T19:08:04+00:00\",\"dateModified\":\"2024-07-01T22:52:28+00:00\",\"mainEntityOfPage\":{\"@id\":\"https:\/\/whsrn.org\/es\/festival-alado-de-las-salinas-de-huentelauquen-chile\/\"},\"wordCount\":1007,\"commentCount\":0,\"publisher\":{\"@id\":\"https:\/\/whsrn.org\/es\/#organization\"},\"image\":{\"@id\":\"https:\/\/whsrn.org\/es\/festival-alado-de-las-salinas-de-huentelauquen-chile\/#primaryimage\"},\"thumbnailUrl\":\"https:\/\/whsrn.org\/wp-content\/uploads\/2024\/06\/festival-banner.jpg\",\"articleSection\":[\"Eventos, Festivales y Celebraciones\",\"Sin categorizar\",\"WHSRN\"],\"inLanguage\":\"es\",\"potentialAction\":[{\"@type\":\"CommentAction\",\"name\":\"Comment\",\"target\":[\"https:\/\/whsrn.org\/es\/festival-alado-de-las-salinas-de-huentelauquen-chile\/#respond\"]}]},{\"@type\":\"WebPage\",\"@id\":\"https:\/\/whsrn.org\/es\/festival-alado-de-las-salinas-de-huentelauquen-chile\/\",\"url\":\"https:\/\/whsrn.org\/es\/festival-alado-de-las-salinas-de-huentelauquen-chile\/\",\"name\":\"Festival Alado de Las Salinas de Huentelauqu\u00e9n (Chile)\",\"isPartOf\":{\"@id\":\"https:\/\/whsrn.org\/es\/#website\"},\"primaryImageOfPage\":{\"@id\":\"https:\/\/whsrn.org\/es\/festival-alado-de-las-salinas-de-huentelauquen-chile\/#primaryimage\"},\"image\":{\"@id\":\"https:\/\/whsrn.org\/es\/festival-alado-de-las-salinas-de-huentelauquen-chile\/#primaryimage\"},\"thumbnailUrl\":\"https:\/\/whsrn.org\/wp-content\/uploads\/2024\/06\/festival-banner.jpg\",\"datePublished\":\"2024-06-25T19:08:04+00:00\",\"dateModified\":\"2024-07-01T22:52:28+00:00\",\"breadcrumb\":{\"@id\":\"https:\/\/whsrn.org\/es\/festival-alado-de-las-salinas-de-huentelauquen-chile\/#breadcrumb\"},\"inLanguage\":\"es\",\"potentialAction\":[{\"@type\":\"ReadAction\",\"target\":[\"https:\/\/whsrn.org\/es\/festival-alado-de-las-salinas-de-huentelauquen-chile\/\"]}]},{\"@type\":\"ImageObject\",\"inLanguage\":\"es\",\"@id\":\"https:\/\/whsrn.org\/es\/festival-alado-de-las-salinas-de-huentelauquen-chile\/#primaryimage\",\"url\":\"https:\/\/whsrn.org\/wp-content\/uploads\/2024\/06\/festival-banner.jpg\",\"contentUrl\":\"https:\/\/whsrn.org\/wp-content\/uploads\/2024\/06\/festival-banner.jpg\",\"width\":2400,\"height\":750},{\"@type\":\"BreadcrumbList\",\"@id\":\"https:\/\/whsrn.org\/es\/festival-alado-de-las-salinas-de-huentelauquen-chile\/#breadcrumb\",\"itemListElement\":[{\"@type\":\"ListItem\",\"position\":1,\"name\":\"Home\",\"item\":\"https:\/\/whsrn.org\/es\/\"},{\"@type\":\"ListItem\",\"position\":2,\"name\":\"Festival Alado de Las Salinas de Huentelauqu\u00e9n (Chile)\"}]},{\"@type\":\"WebSite\",\"@id\":\"https:\/\/whsrn.org\/es\/#website\",\"url\":\"https:\/\/whsrn.org\/es\/\",\"name\":\"WHSRN\",\"description\":\"Western Hemisphere Shorebird Reserve Network\",\"publisher\":{\"@id\":\"https:\/\/whsrn.org\/es\/#organization\"},\"potentialAction\":[{\"@type\":\"SearchAction\",\"target\":{\"@type\":\"EntryPoint\",\"urlTemplate\":\"https:\/\/whsrn.org\/es\/?s={search_term_string}\"},\"query-input\":{\"@type\":\"PropertyValueSpecification\",\"valueRequired\":true,\"valueName\":\"search_term_string\"}}],\"inLanguage\":\"es\"},{\"@type\":\"Organization\",\"@id\":\"https:\/\/whsrn.org\/es\/#organization\",\"name\":\"Western Hemisphere Shorebird Reserve Network\",\"url\":\"https:\/\/whsrn.org\/es\/\",\"logo\":{\"@type\":\"ImageObject\",\"inLanguage\":\"es\",\"@id\":\"https:\/\/whsrn.org\/es\/#\/schema\/logo\/image\/\",\"url\":\"https:\/\/whsrn.org\/wp-content\/uploads\/2021\/01\/whsrn_nostrapline_square.png\",\"contentUrl\":\"https:\/\/whsrn.org\/wp-content\/uploads\/2021\/01\/whsrn_nostrapline_square.png\",\"width\":800,\"height\":800,\"caption\":\"Western Hemisphere Shorebird Reserve Network\"},\"image\":{\"@id\":\"https:\/\/whsrn.org\/es\/#\/schema\/logo\/image\/\"},\"sameAs\":[\"https:\/\/www.facebook.com\/WHSRN\",\"https:\/\/x.com\/WHSRN\",\"https:\/\/www.youtube.com\/channel\/UCDMz2oCsiK8e03UxFhHhdEA\"]},{\"@type\":\"Person\",\"@id\":\"https:\/\/whsrn.org\/es\/#\/schema\/person\/99cbcafd1a567d9e50eed8268171f392\",\"name\":\"Guest Author\",\"image\":{\"@type\":\"ImageObject\",\"inLanguage\":\"es\",\"@id\":\"https:\/\/secure.gravatar.com\/avatar\/ca84b6d3d5b3da7d54ce4d70b9df4e6e90c94b02f10f5339df50afb959a39bef?s=96&d=mm&r=g\",\"url\":\"https:\/\/secure.gravatar.com\/avatar\/ca84b6d3d5b3da7d54ce4d70b9df4e6e90c94b02f10f5339df50afb959a39bef?s=96&d=mm&r=g\",\"contentUrl\":\"https:\/\/secure.gravatar.com\/avatar\/ca84b6d3d5b3da7d54ce4d70b9df4e6e90c94b02f10f5339df50afb959a39bef?s=96&d=mm&r=g\",\"caption\":\"Guest Author\"},\"url\":\"https:\/\/whsrn.org\/es\/author\/guest_author\/\"}]}<\/script>\n<!-- \/ Yoast SEO plugin. -->","yoast_head_json":{"title":"Festival Alado de Las Salinas de Huentelauqu\u00e9n (Chile)","robots":{"index":"index","follow":"follow","max-snippet":"max-snippet:-1","max-image-preview":"max-image-preview:large","max-video-preview":"max-video-preview:-1"},"canonical":"https:\/\/whsrn.org\/es\/festival-alado-de-las-salinas-de-huentelauquen-chile\/","og_locale":"es_ES","og_type":"article","og_title":"Festival Alado de Las Salinas de Huentelauqu\u00e9n (Chile)","og_description":"[vc_row css=&#8221;.vc_custom_1537359740219{margin-top: 0px !important;padding-top: 0px !important;}&#8221;][vc_column css=&#8221;.vc_custom_1537371217000{margin-top: 0px !important;padding-top: 0px !important;}&#8221;][mk_padding_divider size=&#8221;20&#8243;][vc_column_text margin_bottom=&#8221;20&#8243; css=&#8221;.vc_custom_1719600842480{margin-top: 0px !important;margin-bottom: 0px !important;padding-top: 0px !important;}&#8221;]Con el objetivo de reconocer el valor del patrimonio natural del Sitio RHRAP\/WHSRN \u00a0Las Salinas de Huentelauqu\u00e9n, se llevar\u00e1 a cabo la primera edici\u00f3n del Festival Alado de Las Salinas de Huentelauqu\u00e9n \u00a0organizado por la\u202fRed de [&hellip;]","og_url":"https:\/\/whsrn.org\/es\/festival-alado-de-las-salinas-de-huentelauquen-chile\/","og_site_name":"WHSRN","article_publisher":"https:\/\/www.facebook.com\/WHSRN","article_published_time":"2024-06-25T19:08:04+00:00","article_modified_time":"2024-07-01T22:52:28+00:00","og_image":[{"width":2400,"height":750,"url":"https:\/\/whsrn.org\/wp-content\/uploads\/2024\/06\/festival-banner.jpg","type":"image\/jpeg"}],"author":"Guest Author","twitter_card":"summary_large_image","twitter_creator":"@WHSRN","twitter_site":"@WHSRN","twitter_misc":{"Escrito por":"Autor Invitado","Tiempo de lectura":"4 minutos"},"schema":{"@context":"https:\/\/schema.org","@graph":[{"@type":"Article","@id":"https:\/\/whsrn.org\/es\/festival-alado-de-las-salinas-de-huentelauquen-chile\/#article","isPartOf":{"@id":"https:\/\/whsrn.org\/es\/festival-alado-de-las-salinas-de-huentelauquen-chile\/"},"author":{"name":"Guest Author","@id":"https:\/\/whsrn.org\/es\/#\/schema\/person\/99cbcafd1a567d9e50eed8268171f392"},"headline":"Festival Alado de Las Salinas de Huentelauqu\u00e9n (Chile)","datePublished":"2024-06-25T19:08:04+00:00","dateModified":"2024-07-01T22:52:28+00:00","mainEntityOfPage":{"@id":"https:\/\/whsrn.org\/es\/festival-alado-de-las-salinas-de-huentelauquen-chile\/"},"wordCount":1007,"commentCount":0,"publisher":{"@id":"https:\/\/whsrn.org\/es\/#organization"},"image":{"@id":"https:\/\/whsrn.org\/es\/festival-alado-de-las-salinas-de-huentelauquen-chile\/#primaryimage"},"thumbnailUrl":"https:\/\/whsrn.org\/wp-content\/uploads\/2024\/06\/festival-banner.jpg","articleSection":["Eventos, Festivales y Celebraciones","Sin categorizar","WHSRN"],"inLanguage":"es","potentialAction":[{"@type":"CommentAction","name":"Comment","target":["https:\/\/whsrn.org\/es\/festival-alado-de-las-salinas-de-huentelauquen-chile\/#respond"]}]},{"@type":"WebPage","@id":"https:\/\/whsrn.org\/es\/festival-alado-de-las-salinas-de-huentelauquen-chile\/","url":"https:\/\/whsrn.org\/es\/festival-alado-de-las-salinas-de-huentelauquen-chile\/","name":"Festival Alado de Las Salinas de Huentelauqu\u00e9n (Chile)","isPartOf":{"@id":"https:\/\/whsrn.org\/es\/#website"},"primaryImageOfPage":{"@id":"https:\/\/whsrn.org\/es\/festival-alado-de-las-salinas-de-huentelauquen-chile\/#primaryimage"},"image":{"@id":"https:\/\/whsrn.org\/es\/festival-alado-de-las-salinas-de-huentelauquen-chile\/#primaryimage"},"thumbnailUrl":"https:\/\/whsrn.org\/wp-content\/uploads\/2024\/06\/festival-banner.jpg","datePublished":"2024-06-25T19:08:04+00:00","dateModified":"2024-07-01T22:52:28+00:00","breadcrumb":{"@id":"https:\/\/whsrn.org\/es\/festival-alado-de-las-salinas-de-huentelauquen-chile\/#breadcrumb"},"inLanguage":"es","potentialAction":[{"@type":"ReadAction","target":["https:\/\/whsrn.org\/es\/festival-alado-de-las-salinas-de-huentelauquen-chile\/"]}]},{"@type":"ImageObject","inLanguage":"es","@id":"https:\/\/whsrn.org\/es\/festival-alado-de-las-salinas-de-huentelauquen-chile\/#primaryimage","url":"https:\/\/whsrn.org\/wp-content\/uploads\/2024\/06\/festival-banner.jpg","contentUrl":"https:\/\/whsrn.org\/wp-content\/uploads\/2024\/06\/festival-banner.jpg","width":2400,"height":750},{"@type":"BreadcrumbList","@id":"https:\/\/whsrn.org\/es\/festival-alado-de-las-salinas-de-huentelauquen-chile\/#breadcrumb","itemListElement":[{"@type":"ListItem","position":1,"name":"Home","item":"https:\/\/whsrn.org\/es\/"},{"@type":"ListItem","position":2,"name":"Festival Alado de Las Salinas de Huentelauqu\u00e9n (Chile)"}]},{"@type":"WebSite","@id":"https:\/\/whsrn.org\/es\/#website","url":"https:\/\/whsrn.org\/es\/","name":"WHSRN","description":"Western Hemisphere Shorebird Reserve Network","publisher":{"@id":"https:\/\/whsrn.org\/es\/#organization"},"potentialAction":[{"@type":"SearchAction","target":{"@type":"EntryPoint","urlTemplate":"https:\/\/whsrn.org\/es\/?s={search_term_string}"},"query-input":{"@type":"PropertyValueSpecification","valueRequired":true,"valueName":"search_term_string"}}],"inLanguage":"es"},{"@type":"Organization","@id":"https:\/\/whsrn.org\/es\/#organization","name":"Western Hemisphere Shorebird Reserve Network","url":"https:\/\/whsrn.org\/es\/","logo":{"@type":"ImageObject","inLanguage":"es","@id":"https:\/\/whsrn.org\/es\/#\/schema\/logo\/image\/","url":"https:\/\/whsrn.org\/wp-content\/uploads\/2021\/01\/whsrn_nostrapline_square.png","contentUrl":"https:\/\/whsrn.org\/wp-content\/uploads\/2021\/01\/whsrn_nostrapline_square.png","width":800,"height":800,"caption":"Western Hemisphere Shorebird Reserve Network"},"image":{"@id":"https:\/\/whsrn.org\/es\/#\/schema\/logo\/image\/"},"sameAs":["https:\/\/www.facebook.com\/WHSRN","https:\/\/x.com\/WHSRN","https:\/\/www.youtube.com\/channel\/UCDMz2oCsiK8e03UxFhHhdEA"]},{"@type":"Person","@id":"https:\/\/whsrn.org\/es\/#\/schema\/person\/99cbcafd1a567d9e50eed8268171f392","name":"Guest Author","image":{"@type":"ImageObject","inLanguage":"es","@id":"https:\/\/secure.gravatar.com\/avatar\/ca84b6d3d5b3da7d54ce4d70b9df4e6e90c94b02f10f5339df50afb959a39bef?s=96&d=mm&r=g","url":"https:\/\/secure.gravatar.com\/avatar\/ca84b6d3d5b3da7d54ce4d70b9df4e6e90c94b02f10f5339df50afb959a39bef?s=96&d=mm&r=g","contentUrl":"https:\/\/secure.gravatar.com\/avatar\/ca84b6d3d5b3da7d54ce4d70b9df4e6e90c94b02f10f5339df50afb959a39bef?s=96&d=mm&r=g","caption":"Guest Author"},"url":"https:\/\/whsrn.org\/es\/author\/guest_author\/"}]}},"_links":{"self":[{"href":"https:\/\/whsrn.org\/es\/wp-json\/wp\/v2\/posts\/27153","targetHints":{"allow":["GET"]}}],"collection":[{"href":"https:\/\/whsrn.org\/es\/wp-json\/wp\/v2\/posts"}],"about":[{"href":"https:\/\/whsrn.org\/es\/wp-json\/wp\/v2\/types\/post"}],"author":[{"embeddable":true,"href":"https:\/\/whsrn.org\/es\/wp-json\/wp\/v2\/users\/20"}],"replies":[{"embeddable":true,"href":"https:\/\/whsrn.org\/es\/wp-json\/wp\/v2\/comments?post=27153"}],"version-history":[{"count":5,"href":"https:\/\/whsrn.org\/es\/wp-json\/wp\/v2\/posts\/27153\/revisions"}],"predecessor-version":[{"id":27188,"href":"https:\/\/whsrn.org\/es\/wp-json\/wp\/v2\/posts\/27153\/revisions\/27188"}],"wp:featuredmedia":[{"embeddable":true,"href":"https:\/\/whsrn.org\/es\/wp-json\/wp\/v2\/media\/27145"}],"wp:attachment":[{"href":"https:\/\/whsrn.org\/es\/wp-json\/wp\/v2\/media?parent=27153"}],"wp:term":[{"taxonomy":"category","embeddable":true,"href":"https:\/\/whsrn.org\/es\/wp-json\/wp\/v2\/categories?post=27153"},{"taxonomy":"post_tag","embeddable":true,"href":"https:\/\/whsrn.org\/es\/wp-json\/wp\/v2\/tags?post=27153"}],"curies":[{"name":"wp","href":"https:\/\/api.w.org\/{rel}","templated":true}]}}