{"id":1760,"date":"2018-10-26T17:20:19","date_gmt":"2018-10-26T17:20:19","guid":{"rendered":"https:\/\/whsrn.org\/?p=1760"},"modified":"2018-11-07T20:17:08","modified_gmt":"2018-11-07T20:17:08","slug":"cabo-rojo-esta-listo-para-recibirlos-un-refugio-para-las-aves-y-para-la-comunidad","status":"publish","type":"post","link":"https:\/\/whsrn.org\/es\/cabo-rojo-esta-listo-para-recibirlos-un-refugio-para-las-aves-y-para-la-comunidad\/","title":{"rendered":"Cabo Rojo est\u00e1 listo para recibirlos: un refugio para las aves y para la comunidad"},"content":{"rendered":"[vc_row css=&#8221;.vc_custom_1537359740219{margin-top: 0px !important;padding-top: 0px !important;}&#8221;][vc_column css=&#8221;.vc_custom_1537371217000{margin-top: 0px !important;padding-top: 0px !important;}&#8221;][vc_column_text css=&#8221;.vc_custom_1541441715487{margin-top: 0px !important;margin-bottom: 0px !important;padding-top: 0px !important;}&#8221;]\n<p class=\"font_8\">\u201cLos Puertorrique\u00f1os tienen una gran capacidad de recuperaci\u00f3n a la tragedia\u201d, dice Ana Rom\u00e1n. \u201cEspecialmente en un hurac\u00e1n, porque es algo que esperamos cada a\u00f1o\u2026 Es como si estuvi\u00e9ramos en una \u201cbolera\u201d, anticipando cu\u00e1l nos va a golpear.\u201d<\/p>\n<p class=\"font_8\">Ana Rom\u00e1n es la Sub-Administradora del Sistema de Refugios de Vida Silvestre del Caribe y la Administradora Interina del Refugio de Vida Silvestre de Cabo Rojo en Boquer\u00f3n, Puerto Rico. \u201cHab\u00edamos tenido mucha suerte\u201d, ella dijo, \u201chasta el a\u00f1o pasado\u201d. Este Refugio en la esquina suroeste de Puerto Rico hab\u00eda sido relativamente afectado en las d\u00e9cadas recientes. El Hurac\u00e1n Georges azot\u00f3 Cabo Rojo malamente en el 1998, y muchos huracanes, luego de eso, han tra\u00eddo marejadas y lluvias fuertes, pero nada como Mar\u00eda.<\/p>\n<p class=\"font_8\">\u201cLas personas todav\u00eda confiaban que iba a desviarse en el \u00faltimo momento, y que ir\u00eda a tocar a otro lado. Pero eso nunca pas\u00f3.\u201d<\/p>\n<p class=\"font_8\">El 20 de septiembre de 2017, el Hurac\u00e1n Mar\u00eda barri\u00f3 a trav\u00e9s de Puerto Rico a 155 millas por hora, dejando la isla sin electricidad, agua limpia, o conexi\u00f3n a alg\u00fan modo de comunicaci\u00f3n.<\/p>\n<p class=\"font_8\">Para Rom\u00e1n y el equipo de Cabo Rojo, la prioridad era proveer asistencia inmediata a los compa\u00f1eros trabajadores de la oficina y a sus familiares inmediatos, y tambi\u00e9n a la comunidad adyacente al refugio. Los bomberos del refugio\u00a0 y otros empleados trabajaron arduamente para llevar agua potable y otros servicios que pudiesen para ayudar a las familias cercanas.<\/p>\n[\/vc_column_text][\/vc_column][\/vc_row][mk_page_section min_height=&#8221;1&#8243; padding_bottom=&#8221;0&#8243; sidebar=&#8221;sidebar-1&#8243;][vc_column width=&#8221;1\/6&#8243;][\/vc_column][vc_column width=&#8221;2\/3&#8243;][mk_image src=&#8221;https:\/\/whsrn.org\/wp-content\/uploads\/2018\/10\/centro-interpretativo-las-salinas-de-cabo-rojo-cabo-rojo-salt-flats-visitor-center-photo-credits-jose-g.-martnez.jpg&#8221; image_size=&#8221;full&#8221;][mk_fancy_title tag_name=&#8221;span&#8221; color=&#8221;#53565a&#8221; size=&#8221;12&#8243; font_weight=&#8221;bold&#8221; margin_bottom=&#8221;0&#8243; font_family=&#8221;none&#8221; align=&#8221;center&#8221;]\n<div id=\"comp-jjabhjs7\" class=\"txtNew\" data-packed=\"true\">\n<div id=\"comp-jhgnp0bn\" class=\"txtNew\" data-packed=\"false\" data-min-height=\"17\">\n<div id=\"comp-jlcre5hu\" class=\"txtNew\" data-packed=\"false\" data-min-height=\"17\">\n<div id=\"comp-jnnp6o04\" class=\"txtNew\" data-packed=\"false\" data-min-height=\"13\">\n<div id=\"comp-jnnqnh22\" class=\"txtNew\" data-packed=\"false\" data-min-height=\"13\">\n<p class=\"font_9\">Centro Interpretativo Las Salinas de Cabo Rojo.\u00a0<em>Foto: Jos\u00e9 G. Mart\u00ednez.<\/em><\/p>\n<\/div>\n<\/div>\n<\/div>\n<\/div>\n<\/div>\n[\/mk_fancy_title][\/vc_column][vc_column width=&#8221;1\/6&#8243;][\/vc_column][\/mk_page_section][vc_row][vc_column][vc_column_text margin_bottom=&#8221;20&#8243; css=&#8221;.vc_custom_1541441756909{margin-bottom: 0px !important;}&#8221;]\n<div id=\"comp-jivjchmc\" class=\"txtNew\" data-packed=\"false\">\n<p class=\"font_8\">Luego, \u201cnecesit\u00e1bamos re-abrir el acceso al p\u00fablico, porque este es un servicio importante que proveemos,\u201d explic\u00f3 Rom\u00e1n. Grandes \u00e1rboles y ramas hab\u00edan ca\u00eddo por donde quiera, tumbando postes de tel\u00e9fono y cables, dispersando escombros y bloqueando el acceso a los senderos del refugio. El limitado personal de Cabo Rojo r\u00e1pidamente se puso a trabajar en limpiar \u00e1rboles ca\u00eddos y reparar la infraestructura da\u00f1ada.<\/p>\n<p class=\"font_8\">Por suerte &#8211; para el lugar de los playeros, de todas maneras &#8211; Mar\u00eda no se hab\u00eda llevado el \u201crefugio\u201d fuera de Cabo Rojo. Las Salinas de Cabo Rojo han sido una Reserva \u00a0para Aves Playeras de la Red Hemisf\u00e9rica del \u00a0desde el 2010, cuando se convirti\u00f3 en la primera sitio RHRAP en el Caribe. El \u00e1rea fue designada como un \u201cLugar de Importancia Regional por albergar m\u00e1s del 5% de la poblaci\u00f3n mundial de la subespecie tenuirostris del Chorlito Blanco (<em>Charadrius nivosus<\/em>), y el 2.5% de la poblaci\u00f3n mundial del Chorlito Mar\u00edtimo (<em>Charadrius wilsonia<\/em>). La RHRAP est\u00e1 localizada dentro del Refugio Nacional de Vida Silvestre de Cabo Rojo, y comprende 505\u00a0hect\u00e1reas de lagunas salinas, pantanos de manglar, y por supuesto, salinas-inseparablemente asociados a h\u00e1bitats para playeros.<\/p>\n<\/div>\n[\/vc_column_text][\/vc_column][\/vc_row][mk_page_section full_width=&#8221;true&#8221; padding_top=&#8221;25&#8243; padding_bottom=&#8221;0&#8243; sidebar=&#8221;sidebar-1&#8243;][vc_column width=&#8221;1\/3&#8243; css=&#8221;.vc_custom_1536683611141{margin-right: 0px !important;margin-left: 0px !important;padding-right: 3px !important;padding-left: 3px !important;}&#8221;][mk_image src=&#8221;https:\/\/whsrn.org\/wp-content\/uploads\/2018\/10\/snpl_formattedwp.jpg&#8221; image_size=&#8221;full&#8221;][\/vc_column][vc_column width=&#8221;2\/3&#8243; css=&#8221;.vc_custom_1536683620659{margin-right: 0px !important;margin-left: 0px !important;padding-right: 3px !important;padding-left: 3px !important;}&#8221;][mk_image src=&#8221;https:\/\/whsrn.org\/wp-content\/uploads\/2018\/10\/sesa_lesa_formattedwp.jpg&#8221; image_size=&#8221;full&#8221;][\/vc_column][\/mk_page_section][vc_row][vc_column][mk_fancy_title tag_name=&#8221;span&#8221; color=&#8221;#53565a&#8221; size=&#8221;12&#8243; font_weight=&#8221;bold&#8221; margin_bottom=&#8221;0&#8243; font_family=&#8221;none&#8221; align=&#8221;center&#8221;]\n<div id=\"comp-jjabhjs7\" class=\"txtNew\" data-packed=\"true\">\n<div id=\"comp-jivjchjf\" class=\"txtNew\" data-packed=\"false\" data-min-height=\"17\">\n<div id=\"comp-jlcre5gi\" class=\"txtNew\" data-packed=\"false\" data-min-height=\"17\">\n<p class=\"font_9\">Desde la izquierda a la derecha: Chorlito Blanco\u00a0(<em>Charadrius nivosus<\/em>), Playerito Enano (<em>Calidris minutilla<\/em>) y Playerito Semipalmado (<em>Calidris pusilla<\/em>) en las Salinas de Cabo Rojo.\u00a0<em>Fotos:\u00a0Elba G. Benabe Carlo, estudiante de posgrado en la Universidad de\u00a0Puerto Rico a Mayag\u00fcez, y interna de &#8220;Student Conservation Association&#8221; en\u00a0Cabo Rojo.<\/em><\/p>\n<\/div>\n<div id=\"comp-jlcre5gq\" class=\"wp2\" title=\"\" data-exact-height=\"450\" data-content-padding-horizontal=\"0\" data-content-padding-vertical=\"0\">\n<div id=\"comp-jlcre5gqlink\" class=\"wp2link\"><\/div>\n<\/div>\n<\/div>\n<\/div>\n[\/mk_fancy_title][vc_column_text css=&#8221;.vc_custom_1541441825999{margin-bottom: 0px !important;}&#8221;]\n<div id=\"comp-jnnp6o1e\" class=\"txtNew\" data-packed=\"true\">\n<p class=\"font_8\">Los niveles de agua fueron ciertamente m\u00e1s altos que lo normal luego de Mar\u00eda, pero la temporada hab\u00eda sido relativamente seca antes del azote del hurac\u00e1n. Las salinas dependen de las mareas y la escorrent\u00eda para llenarse, y por contener esa agua, estas lagunas pudieron haber jugado un papel importante en el amortiguamiento de una inundaci\u00f3n severa en el refugio.<\/p>\n<p class=\"font_8\">Pero la simbiosis de Cabo Rojo con la producci\u00f3n de sal va mucho m\u00e1s atr\u00e1s que el Hurac\u00e1n Mar\u00eda. La sal ha sido producida en este lugar por m\u00e1s de 500 a\u00f1os. Las salinas de Cabo Rojo fueron compradas a manos privadas con fondos del Programa de Reservas de Humedales del Servicio de Conservaci\u00f3n de Recursos Naturales (NRCS, por sus siglas en ingl\u00e9s) en 1999, y a\u00f1adidas al Refugio de Vida Silvestre de Cabo Rojo manejado por el Servicio Federal de Pesca y Vida Silvestre. En este momento\u00a0 hubo un an\u00e1lisis de esta pr\u00e1ctica para decidir si la producci\u00f3n de sal podr\u00eda continuar. Debido a que es una empresa comercial, se necesitar\u00eda probar el beneficio a las especies y al h\u00e1bitat para poder continuar operando dentro del Refugio. De seguro, se demostr\u00f3 que el h\u00e1bitat principal era mantenido como producto de la producci\u00f3n de sal en el lugar. La compa\u00f1\u00eda salinera, Empresas Padilla, Inc., se le otorga un permiso de uso especial por el beneficio que \u00e9stos proveen\u00a0 a las aves playeras.<\/p>\n<p class=\"font_8\">Las Empresas Padilla pagan para operar dentro del Refugio de Cabo Rojo, pero no es su renta lo que sostiene econ\u00f3micamente al Refugio. Aunque sus tarifas van al Servicio, \u00e9stos no regresan al Refugio de Cabo Rojo. Sin embargo, la compa\u00f1\u00eda juega un papel clave en manejar los niveles de agua del lugar, asistiendo en mantener el \u201chotspot\u201d de aves playeras.<\/p>\n<p class=\"font_8\"><span class=\"wixGuard\">\u200b<\/span>El personal actual de Cabo Rojo est\u00e1 compuesto por solamente 5 trabajadores permanentes. Sin la colaboraci\u00f3n de Empresas Padilla, el Refugio tendr\u00eda que buscar trabajadores para operar las salinas.<\/p>\n<\/div>\n[\/vc_column_text][\/vc_column][\/vc_row][mk_page_section full_width=&#8221;true&#8221; padding_top=&#8221;25&#8243; padding_bottom=&#8221;0&#8243; sidebar=&#8221;sidebar-1&#8243;][vc_column width=&#8221;2\/3&#8243; css=&#8221;.vc_custom_1536683611141{margin-right: 0px !important;margin-left: 0px !important;padding-right: 3px !important;padding-left: 3px !important;}&#8221;][mk_image src=&#8221;https:\/\/whsrn.org\/wp-content\/uploads\/2018\/10\/cabo-rojo-nwr_formattedwp.jpg&#8221; image_size=&#8221;full&#8221;][\/vc_column][vc_column width=&#8221;1\/3&#8243; css=&#8221;.vc_custom_1536683620659{margin-right: 0px !important;margin-left: 0px !important;padding-right: 3px !important;padding-left: 3px !important;}&#8221;][mk_image src=&#8221;https:\/\/whsrn.org\/wp-content\/uploads\/2018\/10\/saltpond1_formattedwp.jpg&#8221; image_size=&#8221;full&#8221;][\/vc_column][\/mk_page_section][vc_row][vc_column][mk_fancy_title tag_name=&#8221;span&#8221; color=&#8221;#53565a&#8221; size=&#8221;12&#8243; font_weight=&#8221;bold&#8221; margin_bottom=&#8221;0&#8243; font_family=&#8221;none&#8221; align=&#8221;center&#8221;]\n<div id=\"comp-jjabhjs7\" class=\"txtNew\" data-packed=\"true\">\n<div id=\"comp-jivjchjf\" class=\"txtNew\" data-packed=\"false\" data-min-height=\"17\">\n<div id=\"comp-jlcre5gi\" class=\"txtNew\" data-packed=\"false\" data-min-height=\"17\">\n<div id=\"comp-jlcre5iy\" class=\"txtNew\" data-packed=\"false\" data-min-height=\"17\">\n<div id=\"comp-jnnp6o2f\" class=\"txtNew\" data-packed=\"false\" data-min-height=\"17\">\n<div id=\"comp-jnnqnh4g\" class=\"txtNew\" data-packed=\"false\" data-min-height=\"17\">\n<p class=\"font_9\">Las salinas de\u00a0Cabo Rojo.\u00a0<em>Fotos:\u00a0USFWS.<\/em><\/p>\n<\/div>\n<\/div>\n<\/div>\n<\/div>\n<\/div>\n<\/div>\n[\/mk_fancy_title][vc_column_text margin_bottom=&#8221;20&#8243; css=&#8221;.vc_custom_1541441866947{margin-bottom: 0px !important;}&#8221;]\n<div id=\"comp-jivjchmc\" class=\"txtNew\" data-packed=\"false\">\n<p class=\"font_8\">\u201cPodemos inundar las salinas y luego dejarlas secar\u201d, dice Ana, pero la operaci\u00f3n de extracci\u00f3n de sal se lleva a cabo dentro del Refugio completamente, y el Refugio es el propietario\u00a0 de sus estructuras de control de agua. \u201cPero no podemos remover la sal. No tenemos el equipo, el personal, y no podemos vender el product final.\u201d La colaboraci\u00f3n entre el Refugio de Cabo Rojo y la compa\u00f1\u00eda privada de producci\u00f3n de sal asiste en mantener el h\u00e1bitat y les permite enfocar la capacidad limitada de conectar la comunidad con la naturaleza.<\/p>\n<p class=\"font_8\">El s\u00e1bado, 13 de octubre, Cabo Rojo llev\u00f3 a cabo una casa abierta para dar inicio a la Semana de los Refugios Nacionales de Vida Silvestre y para celebrar el D\u00eda Mundial de las Aves Migratorias. Muchos de sus colaboradores estuvieron all\u00ed para asistirlos con las festividades, incluyendo la Sociedad Ornitol\u00f3gica de Puerto Rico (SOPI). Mirando hacia el futuro, Ana dice,\u201d pienso que necesitamos m\u00e1s ayuda para documentar lo que tenemos aqu\u00ed. Si pudi\u00e9ramos aumentar los sondeos, el anillaje de aves y las evaluaciones de las necesidades espec\u00edficas de h\u00e1bitat para las aves, pudi\u00e9ramos mejorar el h\u00e1bitat para nuestras poblaciones de \u00e9stas.\u201d El personal del Refugio y la SOPI guiaron caminatas de observaci\u00f3n de aves, y Ana tiene la esperanza de que programas de educativos y divulgaci\u00f3n de informaci\u00f3n como \u00e9ste puedan aumentar el inter\u00e9s para que m\u00e1s j\u00f3venes caborroje\u00f1os participen en los esfuerzos de monitoreo en el lugar.<\/p>\n<\/div>\n[\/vc_column_text][\/vc_column][\/vc_row][mk_page_section full_width=&#8221;true&#8221; padding_top=&#8221;25&#8243; padding_bottom=&#8221;0&#8243; sidebar=&#8221;sidebar-1&#8243;][vc_column width=&#8221;2\/3&#8243; css=&#8221;.vc_custom_1536683611141{margin-right: 0px !important;margin-left: 0px !important;padding-right: 3px !important;padding-left: 3px !important;}&#8221;][mk_image src=&#8221;https:\/\/whsrn.org\/wp-content\/uploads\/2018\/10\/dsc_0508_formattedwp.jpg&#8221; image_size=&#8221;full&#8221;][\/vc_column][vc_column width=&#8221;1\/3&#8243; css=&#8221;.vc_custom_1536683620659{margin-right: 0px !important;margin-left: 0px !important;padding-right: 3px !important;padding-left: 3px !important;}&#8221;][mk_image src=&#8221;https:\/\/whsrn.org\/wp-content\/uploads\/2018\/10\/dsc_0496_formattedwp.jpg&#8221; image_size=&#8221;full&#8221;][\/vc_column][\/mk_page_section][vc_row][vc_column][mk_fancy_title tag_name=&#8221;span&#8221; color=&#8221;#53565a&#8221; size=&#8221;12&#8243; font_weight=&#8221;bold&#8221; margin_bottom=&#8221;0&#8243; font_family=&#8221;none&#8221; align=&#8221;center&#8221;]\n<div id=\"comp-jjabhjs7\" class=\"txtNew\" data-packed=\"true\">\n<div id=\"comp-jivjchjf\" class=\"txtNew\" data-packed=\"false\" data-min-height=\"17\">\n<div id=\"comp-jlcre5gi\" class=\"txtNew\" data-packed=\"false\" data-min-height=\"17\">\n<div id=\"comp-jlcre5iy\" class=\"txtNew\" data-packed=\"false\" data-min-height=\"17\">\n<div id=\"comp-jlcre5jv\" class=\"txtNew\" data-packed=\"false\" data-min-height=\"17\">\n<div id=\"comp-jnnp6o3j\" class=\"txtNew\" data-packed=\"false\" data-min-height=\"17\">\n<div id=\"comp-jnnqnh64\" class=\"txtNew\" data-packed=\"false\" data-min-height=\"17\">\n<p class=\"font_9\">Visitantes al segundo festival de las aves players del Refugio Nacional de Cabo Rojo.\u00a0<em>Fotos: Americorps VISTA Angel Padilla.<\/em><\/p>\n<\/div>\n<\/div>\n<\/div>\n<\/div>\n<\/div>\n<\/div>\n<\/div>\n[\/mk_fancy_title][vc_column_text margin_bottom=&#8221;20&#8243; css=&#8221;.vc_custom_1541441897384{margin-bottom: 0px !important;}&#8221;]\n<div id=\"comp-jnnq6u7g\" class=\"txtNew\" data-packed=\"true\">\n<div id=\"comp-jnnqnh6f\" class=\"txtNew\" data-packed=\"true\">\n<p class=\"font_8\">Para ayudar a alcanzar estos objetivos,\u00a0<em>el Proyecto de H\u00e1bitats para Aves Playeras de Manomet<\/em>, BirdsCaribbean, SOPI y USFWS llevar\u00e1n a cabo un taller colaborativo en el Refugio de Vida Silvestre de Cabo Rojo en febrero del 2019. El taller se enfocar\u00e1 en la ecolog\u00eda y necesidades de la conservaci\u00f3n de las aves playeras, as\u00ed como el monitoreo de aves acu\u00e1ticas. Los participantes acudir\u00e1n a Puerto Rico de a trav\u00e9s del Caribe para compartir y aprender herramientas efectivas para el manejo, monitoreo y la conservaci\u00f3n de aves playeras.<\/p>\n<\/div>\n<div id=\"comp-jnnqnh6q\" class=\"wp2\" title=\"\" data-exact-height=\"343\" data-content-padding-horizontal=\"0\" data-content-padding-vertical=\"0\">\n<div id=\"comp-jnnqnh6qlink\" class=\"wp2link\"><\/div>\n<\/div>\n<\/div>\n[\/vc_column_text][\/vc_column][\/vc_row][mk_page_section min_height=&#8221;1&#8243; padding_bottom=&#8221;0&#8243; sidebar=&#8221;sidebar-1&#8243;][vc_column width=&#8221;1\/6&#8243;][\/vc_column][vc_column width=&#8221;2\/3&#8243;][mk_image src=&#8221;https:\/\/whsrn.org\/wp-content\/uploads\/2018\/10\/shorebird-festival-3.jpg&#8221; image_size=&#8221;full&#8221;][mk_fancy_title tag_name=&#8221;span&#8221; color=&#8221;#53565a&#8221; size=&#8221;12&#8243; font_weight=&#8221;bold&#8221; margin_bottom=&#8221;0&#8243; font_family=&#8221;none&#8221; align=&#8221;center&#8221;]\n<div id=\"comp-jjabhjs7\" class=\"txtNew\" data-packed=\"true\">\n<div id=\"comp-jhgnp0bn\" class=\"txtNew\" data-packed=\"false\" data-min-height=\"17\">\n<div id=\"comp-jlcre5hu\" class=\"txtNew\" data-packed=\"false\" data-min-height=\"17\">\n<div id=\"comp-jnnp6o04\" class=\"txtNew\" data-packed=\"false\" data-min-height=\"13\">\n<div id=\"comp-jnnqnh75\" class=\"txtNew\" data-packed=\"false\" data-min-height=\"17\">\n<p class=\"font_9\">Observadores de aves visitan a Cabo Rojo.\u00a0<em>Foto:\u00a0Sociedad Ornitologica de Puerto Rico (SOPI).<\/em><\/p>\n<\/div>\n<\/div>\n<\/div>\n<\/div>\n<\/div>\n[\/mk_fancy_title][\/vc_column][vc_column width=&#8221;1\/6&#8243;][\/vc_column][\/mk_page_section][vc_row][vc_column][vc_column_text margin_bottom=&#8221;20&#8243; css=&#8221;.vc_custom_1541441949443{margin-bottom: 0px !important;}&#8221;]\n<div id=\"comp-jivjchmc\" class=\"txtNew\" data-packed=\"false\">\n<div id=\"comp-jnnq9vao\" class=\"txtNew\" data-packed=\"true\">\n<div id=\"comp-jnnqnh7l\" class=\"txtNew\" data-packed=\"true\">\n<p class=\"font_8\">Hoy, a m\u00e1s de un a\u00f1o desde que el Hurac\u00e1n Mar\u00eda devast\u00f3 a Puerto Rico, el Refugio de Vida Silvestre de Cabo Rojo est\u00e1 orgulloso de estar abierto al p\u00fablico. El equipo de trabajo contin\u00faa removiendo escombros, reemplazando letreros educativos y reparando verjas para proteger el h\u00e1bitat de las aves. \u201cEstamos tratando de tener nuestras actividades educativas nuevamente de vuelta y corriendo,\u201d dice Ana, \u201cpara decir, estamos aqu\u00ed, estamos listos para recibirlos, y esto es lo que hacemos por ustedes, las aves y el h\u00e1bitat. Principalmente, nuestra misi\u00f3n es conservar el h\u00e1bitat y las especies para otros,\u201d ella dijo, \u201cpara la comunidad.\u201d<\/p>\n<\/div>\n<\/div>\n<\/div>\n[\/vc_column_text][\/vc_column][\/vc_row][vc_row][vc_column][vc_column_text margin_bottom=&#8221;20&#8243; css=&#8221;.vc_custom_1541441967117{margin-bottom: 0px !important;}&#8221;]\n<div id=\"comp-jivjchmc\" class=\"txtNew\" data-packed=\"false\">\n<div id=\"comp-jnnq9vao\" class=\"txtNew\" data-packed=\"true\">\n<div id=\"comp-jnnp6o3w\" class=\"txtNew\" data-packed=\"true\">\n<div id=\"comp-jnnqnh80\" class=\"txtNew\" data-packed=\"true\">\n<p class=\"font_8\">Para m\u00e1s informaci\u00f3n sobre el Refugio Nacional de Vida Silvester de Cabo Rojo, por favor escriba a Ana Rom\u00e1n, Sub-Administradora,\u00a0<a href=\"mailto:ana_roman@fws.gov\" target=\"_self\" data-content=\"ana_roman@fws.gov\" data-type=\"mail\">ana_roman@fws.gov<\/a>.<\/p>\n<\/div>\n<\/div>\n<\/div>\n<\/div>\n[\/vc_column_text][\/vc_column][\/vc_row]\n","protected":false},"excerpt":{"rendered":"<p>Las Salinas de Cabo Rojo han sido una Reserva  para Aves Playeras de la Red Hemisf\u00e9rica del  desde el 2010, cuando se convirti\u00f3 en la primera sitio RHRAP en el Caribe. Cuando el Hurac\u00e1n Mar\u00eda barri\u00f3 a trav\u00e9s de Puerto Rico a 155 millas por hora el a\u00f1o pasado, la isla fue dejada sin electricidad, agua limpia, o conexi\u00f3n a alg\u00fan modo de comunicaci\u00f3n. Para el equipo de Cabo Rojo, la prioridad era proveer asistencia inmediata a los compa\u00f1eros trabajadores de la oficina y a sus familiares inmediatos, y tambi\u00e9n a la comunidad adyacente al refugio. Ahora, su prioridad es re-abrir el acceso al p\u00fablico, para proveer refugio para las aves y para la comunidad caborroje\u00f1a. <\/p>\n","protected":false},"author":3,"featured_media":1756,"comment_status":"closed","ping_status":"closed","sticky":false,"template":"","format":"standard","meta":{"nf_dc_page":"","footnotes":""},"categories":[78,246],"tags":[402],"class_list":["post-1760","post","type-post","status-publish","format-standard","has-post-thumbnail","hentry","category-noticias-de-los-sitios","category-sitio-destacado-del-mes","tag-puerto-rico-es"],"yoast_head":"<!-- This site is optimized with the Yoast SEO plugin v27.2 - https:\/\/yoast.com\/product\/yoast-seo-wordpress\/ -->\n<title>Cabo Rojo est\u00e1 listo para recibirlos: un refugio para las aves y para la comunidad &#8211; WHSRN<\/title>\n<meta name=\"robots\" content=\"index, follow, max-snippet:-1, max-image-preview:large, max-video-preview:-1\" \/>\n<link rel=\"canonical\" href=\"https:\/\/whsrn.org\/es\/cabo-rojo-esta-listo-para-recibirlos-un-refugio-para-las-aves-y-para-la-comunidad\/\" \/>\n<meta property=\"og:locale\" content=\"es_ES\" \/>\n<meta property=\"og:type\" content=\"article\" \/>\n<meta property=\"og:title\" content=\"Cabo Rojo est\u00e1 listo para recibirlos: un refugio para las aves y para la comunidad &#8211; WHSRN\" \/>\n<meta property=\"og:description\" content=\"Las Salinas de Cabo Rojo han sido una Reserva para Aves Playeras de la Red Hemisf\u00e9rica del desde el 2010, cuando se convirti\u00f3 en la primera sitio RHRAP en el Caribe. Cuando el Hurac\u00e1n Mar\u00eda barri\u00f3 a trav\u00e9s de Puerto Rico a 155 millas por hora el a\u00f1o pasado, la isla fue dejada sin electricidad, agua limpia, o conexi\u00f3n a alg\u00fan modo de comunicaci\u00f3n. Para el equipo de Cabo Rojo, la prioridad era proveer asistencia inmediata a los compa\u00f1eros trabajadores de la oficina y a sus familiares inmediatos, y tambi\u00e9n a la comunidad adyacente al refugio. Ahora, su prioridad es re-abrir el acceso al p\u00fablico, para proveer refugio para las aves y para la comunidad caborroje\u00f1a.\" \/>\n<meta property=\"og:url\" content=\"https:\/\/whsrn.org\/es\/cabo-rojo-esta-listo-para-recibirlos-un-refugio-para-las-aves-y-para-la-comunidad\/\" \/>\n<meta property=\"og:site_name\" content=\"WHSRN\" \/>\n<meta property=\"article:publisher\" content=\"https:\/\/www.facebook.com\/WHSRN\" \/>\n<meta property=\"article:published_time\" content=\"2018-10-26T17:20:19+00:00\" \/>\n<meta property=\"article:modified_time\" content=\"2018-11-07T20:17:08+00:00\" \/>\n<meta property=\"og:image\" content=\"https:\/\/whsrn.org\/wp-content\/uploads\/2018\/10\/caborojo_feature.jpg\" \/>\n\t<meta property=\"og:image:width\" content=\"1680\" \/>\n\t<meta property=\"og:image:height\" content=\"775\" \/>\n\t<meta property=\"og:image:type\" content=\"image\/jpeg\" \/>\n<meta name=\"author\" content=\"Maina Handmaker\" \/>\n<meta name=\"twitter:card\" content=\"summary_large_image\" \/>\n<meta name=\"twitter:creator\" content=\"@WHSRN\" \/>\n<meta name=\"twitter:site\" content=\"@WHSRN\" \/>\n<meta name=\"twitter:label1\" content=\"Escrito por\" \/>\n\t<meta name=\"twitter:data1\" content=\"Maina Handmaker\" \/>\n\t<meta name=\"twitter:label2\" content=\"Tiempo de lectura\" \/>\n\t<meta name=\"twitter:data2\" content=\"10 minutos\" \/>\n<script type=\"application\/ld+json\" class=\"yoast-schema-graph\">{\"@context\":\"https:\/\/schema.org\",\"@graph\":[{\"@type\":\"Article\",\"@id\":\"https:\/\/whsrn.org\/es\/cabo-rojo-esta-listo-para-recibirlos-un-refugio-para-las-aves-y-para-la-comunidad\/#article\",\"isPartOf\":{\"@id\":\"https:\/\/whsrn.org\/es\/cabo-rojo-esta-listo-para-recibirlos-un-refugio-para-las-aves-y-para-la-comunidad\/\"},\"author\":{\"name\":\"Maina Handmaker\",\"@id\":\"https:\/\/whsrn.org\/es\/#\/schema\/person\/a08d20e007b581509d035cab403a8a2c\"},\"headline\":\"Cabo Rojo est\u00e1 listo para recibirlos: un refugio para las aves y para la comunidad\",\"datePublished\":\"2018-10-26T17:20:19+00:00\",\"dateModified\":\"2018-11-07T20:17:08+00:00\",\"mainEntityOfPage\":{\"@id\":\"https:\/\/whsrn.org\/es\/cabo-rojo-esta-listo-para-recibirlos-un-refugio-para-las-aves-y-para-la-comunidad\/\"},\"wordCount\":2042,\"publisher\":{\"@id\":\"https:\/\/whsrn.org\/es\/#organization\"},\"image\":{\"@id\":\"https:\/\/whsrn.org\/es\/cabo-rojo-esta-listo-para-recibirlos-un-refugio-para-las-aves-y-para-la-comunidad\/#primaryimage\"},\"thumbnailUrl\":\"https:\/\/whsrn.org\/wp-content\/uploads\/2018\/10\/caborojo_feature.jpg\",\"keywords\":[\"Puerto Rico\"],\"articleSection\":[\"Noticias de los Sitios\",\"Sitio destacado del mes\"],\"inLanguage\":\"es\"},{\"@type\":\"WebPage\",\"@id\":\"https:\/\/whsrn.org\/es\/cabo-rojo-esta-listo-para-recibirlos-un-refugio-para-las-aves-y-para-la-comunidad\/\",\"url\":\"https:\/\/whsrn.org\/es\/cabo-rojo-esta-listo-para-recibirlos-un-refugio-para-las-aves-y-para-la-comunidad\/\",\"name\":\"Cabo Rojo est\u00e1 listo para recibirlos: un refugio para las aves y para la comunidad &#8211; WHSRN\",\"isPartOf\":{\"@id\":\"https:\/\/whsrn.org\/es\/#website\"},\"primaryImageOfPage\":{\"@id\":\"https:\/\/whsrn.org\/es\/cabo-rojo-esta-listo-para-recibirlos-un-refugio-para-las-aves-y-para-la-comunidad\/#primaryimage\"},\"image\":{\"@id\":\"https:\/\/whsrn.org\/es\/cabo-rojo-esta-listo-para-recibirlos-un-refugio-para-las-aves-y-para-la-comunidad\/#primaryimage\"},\"thumbnailUrl\":\"https:\/\/whsrn.org\/wp-content\/uploads\/2018\/10\/caborojo_feature.jpg\",\"datePublished\":\"2018-10-26T17:20:19+00:00\",\"dateModified\":\"2018-11-07T20:17:08+00:00\",\"breadcrumb\":{\"@id\":\"https:\/\/whsrn.org\/es\/cabo-rojo-esta-listo-para-recibirlos-un-refugio-para-las-aves-y-para-la-comunidad\/#breadcrumb\"},\"inLanguage\":\"es\",\"potentialAction\":[{\"@type\":\"ReadAction\",\"target\":[\"https:\/\/whsrn.org\/es\/cabo-rojo-esta-listo-para-recibirlos-un-refugio-para-las-aves-y-para-la-comunidad\/\"]}]},{\"@type\":\"ImageObject\",\"inLanguage\":\"es\",\"@id\":\"https:\/\/whsrn.org\/es\/cabo-rojo-esta-listo-para-recibirlos-un-refugio-para-las-aves-y-para-la-comunidad\/#primaryimage\",\"url\":\"https:\/\/whsrn.org\/wp-content\/uploads\/2018\/10\/caborojo_feature.jpg\",\"contentUrl\":\"https:\/\/whsrn.org\/wp-content\/uploads\/2018\/10\/caborojo_feature.jpg\",\"width\":1680,\"height\":775},{\"@type\":\"BreadcrumbList\",\"@id\":\"https:\/\/whsrn.org\/es\/cabo-rojo-esta-listo-para-recibirlos-un-refugio-para-las-aves-y-para-la-comunidad\/#breadcrumb\",\"itemListElement\":[{\"@type\":\"ListItem\",\"position\":1,\"name\":\"Home\",\"item\":\"https:\/\/whsrn.org\/es\/\"},{\"@type\":\"ListItem\",\"position\":2,\"name\":\"Cabo Rojo est\u00e1 listo para recibirlos: un refugio para las aves y para la comunidad\"}]},{\"@type\":\"WebSite\",\"@id\":\"https:\/\/whsrn.org\/es\/#website\",\"url\":\"https:\/\/whsrn.org\/es\/\",\"name\":\"WHSRN\",\"description\":\"Western Hemisphere Shorebird Reserve Network\",\"publisher\":{\"@id\":\"https:\/\/whsrn.org\/es\/#organization\"},\"potentialAction\":[{\"@type\":\"SearchAction\",\"target\":{\"@type\":\"EntryPoint\",\"urlTemplate\":\"https:\/\/whsrn.org\/es\/?s={search_term_string}\"},\"query-input\":{\"@type\":\"PropertyValueSpecification\",\"valueRequired\":true,\"valueName\":\"search_term_string\"}}],\"inLanguage\":\"es\"},{\"@type\":\"Organization\",\"@id\":\"https:\/\/whsrn.org\/es\/#organization\",\"name\":\"Western Hemisphere Shorebird Reserve Network\",\"url\":\"https:\/\/whsrn.org\/es\/\",\"logo\":{\"@type\":\"ImageObject\",\"inLanguage\":\"es\",\"@id\":\"https:\/\/whsrn.org\/es\/#\/schema\/logo\/image\/\",\"url\":\"https:\/\/whsrn.org\/wp-content\/uploads\/2021\/01\/whsrn_nostrapline_square.png\",\"contentUrl\":\"https:\/\/whsrn.org\/wp-content\/uploads\/2021\/01\/whsrn_nostrapline_square.png\",\"width\":800,\"height\":800,\"caption\":\"Western Hemisphere Shorebird Reserve Network\"},\"image\":{\"@id\":\"https:\/\/whsrn.org\/es\/#\/schema\/logo\/image\/\"},\"sameAs\":[\"https:\/\/www.facebook.com\/WHSRN\",\"https:\/\/x.com\/WHSRN\",\"https:\/\/www.youtube.com\/channel\/UCDMz2oCsiK8e03UxFhHhdEA\"]},{\"@type\":\"Person\",\"@id\":\"https:\/\/whsrn.org\/es\/#\/schema\/person\/a08d20e007b581509d035cab403a8a2c\",\"name\":\"Maina Handmaker\",\"image\":{\"@type\":\"ImageObject\",\"inLanguage\":\"es\",\"@id\":\"https:\/\/secure.gravatar.com\/avatar\/9da6be58b7ae045b42bbe8eca9124712d5d98b470fffe50292f5c7a88a8ea461?s=96&d=mm&r=g\",\"url\":\"https:\/\/secure.gravatar.com\/avatar\/9da6be58b7ae045b42bbe8eca9124712d5d98b470fffe50292f5c7a88a8ea461?s=96&d=mm&r=g\",\"contentUrl\":\"https:\/\/secure.gravatar.com\/avatar\/9da6be58b7ae045b42bbe8eca9124712d5d98b470fffe50292f5c7a88a8ea461?s=96&d=mm&r=g\",\"caption\":\"Maina Handmaker\"},\"url\":\"https:\/\/whsrn.org\/es\/author\/mhandmaker\/\"}]}<\/script>\n<!-- \/ Yoast SEO plugin. -->","yoast_head_json":{"title":"Cabo Rojo est\u00e1 listo para recibirlos: un refugio para las aves y para la comunidad &#8211; WHSRN","robots":{"index":"index","follow":"follow","max-snippet":"max-snippet:-1","max-image-preview":"max-image-preview:large","max-video-preview":"max-video-preview:-1"},"canonical":"https:\/\/whsrn.org\/es\/cabo-rojo-esta-listo-para-recibirlos-un-refugio-para-las-aves-y-para-la-comunidad\/","og_locale":"es_ES","og_type":"article","og_title":"Cabo Rojo est\u00e1 listo para recibirlos: un refugio para las aves y para la comunidad &#8211; WHSRN","og_description":"Las Salinas de Cabo Rojo han sido una Reserva para Aves Playeras de la Red Hemisf\u00e9rica del desde el 2010, cuando se convirti\u00f3 en la primera sitio RHRAP en el Caribe. Cuando el Hurac\u00e1n Mar\u00eda barri\u00f3 a trav\u00e9s de Puerto Rico a 155 millas por hora el a\u00f1o pasado, la isla fue dejada sin electricidad, agua limpia, o conexi\u00f3n a alg\u00fan modo de comunicaci\u00f3n. Para el equipo de Cabo Rojo, la prioridad era proveer asistencia inmediata a los compa\u00f1eros trabajadores de la oficina y a sus familiares inmediatos, y tambi\u00e9n a la comunidad adyacente al refugio. Ahora, su prioridad es re-abrir el acceso al p\u00fablico, para proveer refugio para las aves y para la comunidad caborroje\u00f1a.","og_url":"https:\/\/whsrn.org\/es\/cabo-rojo-esta-listo-para-recibirlos-un-refugio-para-las-aves-y-para-la-comunidad\/","og_site_name":"WHSRN","article_publisher":"https:\/\/www.facebook.com\/WHSRN","article_published_time":"2018-10-26T17:20:19+00:00","article_modified_time":"2018-11-07T20:17:08+00:00","og_image":[{"width":1680,"height":775,"url":"https:\/\/whsrn.org\/wp-content\/uploads\/2018\/10\/caborojo_feature.jpg","type":"image\/jpeg"}],"author":"Maina Handmaker","twitter_card":"summary_large_image","twitter_creator":"@WHSRN","twitter_site":"@WHSRN","twitter_misc":{"Escrito por":"Maina Handmaker","Tiempo de lectura":"10 minutos"},"schema":{"@context":"https:\/\/schema.org","@graph":[{"@type":"Article","@id":"https:\/\/whsrn.org\/es\/cabo-rojo-esta-listo-para-recibirlos-un-refugio-para-las-aves-y-para-la-comunidad\/#article","isPartOf":{"@id":"https:\/\/whsrn.org\/es\/cabo-rojo-esta-listo-para-recibirlos-un-refugio-para-las-aves-y-para-la-comunidad\/"},"author":{"name":"Maina Handmaker","@id":"https:\/\/whsrn.org\/es\/#\/schema\/person\/a08d20e007b581509d035cab403a8a2c"},"headline":"Cabo Rojo est\u00e1 listo para recibirlos: un refugio para las aves y para la comunidad","datePublished":"2018-10-26T17:20:19+00:00","dateModified":"2018-11-07T20:17:08+00:00","mainEntityOfPage":{"@id":"https:\/\/whsrn.org\/es\/cabo-rojo-esta-listo-para-recibirlos-un-refugio-para-las-aves-y-para-la-comunidad\/"},"wordCount":2042,"publisher":{"@id":"https:\/\/whsrn.org\/es\/#organization"},"image":{"@id":"https:\/\/whsrn.org\/es\/cabo-rojo-esta-listo-para-recibirlos-un-refugio-para-las-aves-y-para-la-comunidad\/#primaryimage"},"thumbnailUrl":"https:\/\/whsrn.org\/wp-content\/uploads\/2018\/10\/caborojo_feature.jpg","keywords":["Puerto Rico"],"articleSection":["Noticias de los Sitios","Sitio destacado del mes"],"inLanguage":"es"},{"@type":"WebPage","@id":"https:\/\/whsrn.org\/es\/cabo-rojo-esta-listo-para-recibirlos-un-refugio-para-las-aves-y-para-la-comunidad\/","url":"https:\/\/whsrn.org\/es\/cabo-rojo-esta-listo-para-recibirlos-un-refugio-para-las-aves-y-para-la-comunidad\/","name":"Cabo Rojo est\u00e1 listo para recibirlos: un refugio para las aves y para la comunidad &#8211; WHSRN","isPartOf":{"@id":"https:\/\/whsrn.org\/es\/#website"},"primaryImageOfPage":{"@id":"https:\/\/whsrn.org\/es\/cabo-rojo-esta-listo-para-recibirlos-un-refugio-para-las-aves-y-para-la-comunidad\/#primaryimage"},"image":{"@id":"https:\/\/whsrn.org\/es\/cabo-rojo-esta-listo-para-recibirlos-un-refugio-para-las-aves-y-para-la-comunidad\/#primaryimage"},"thumbnailUrl":"https:\/\/whsrn.org\/wp-content\/uploads\/2018\/10\/caborojo_feature.jpg","datePublished":"2018-10-26T17:20:19+00:00","dateModified":"2018-11-07T20:17:08+00:00","breadcrumb":{"@id":"https:\/\/whsrn.org\/es\/cabo-rojo-esta-listo-para-recibirlos-un-refugio-para-las-aves-y-para-la-comunidad\/#breadcrumb"},"inLanguage":"es","potentialAction":[{"@type":"ReadAction","target":["https:\/\/whsrn.org\/es\/cabo-rojo-esta-listo-para-recibirlos-un-refugio-para-las-aves-y-para-la-comunidad\/"]}]},{"@type":"ImageObject","inLanguage":"es","@id":"https:\/\/whsrn.org\/es\/cabo-rojo-esta-listo-para-recibirlos-un-refugio-para-las-aves-y-para-la-comunidad\/#primaryimage","url":"https:\/\/whsrn.org\/wp-content\/uploads\/2018\/10\/caborojo_feature.jpg","contentUrl":"https:\/\/whsrn.org\/wp-content\/uploads\/2018\/10\/caborojo_feature.jpg","width":1680,"height":775},{"@type":"BreadcrumbList","@id":"https:\/\/whsrn.org\/es\/cabo-rojo-esta-listo-para-recibirlos-un-refugio-para-las-aves-y-para-la-comunidad\/#breadcrumb","itemListElement":[{"@type":"ListItem","position":1,"name":"Home","item":"https:\/\/whsrn.org\/es\/"},{"@type":"ListItem","position":2,"name":"Cabo Rojo est\u00e1 listo para recibirlos: un refugio para las aves y para la comunidad"}]},{"@type":"WebSite","@id":"https:\/\/whsrn.org\/es\/#website","url":"https:\/\/whsrn.org\/es\/","name":"WHSRN","description":"Western Hemisphere Shorebird Reserve Network","publisher":{"@id":"https:\/\/whsrn.org\/es\/#organization"},"potentialAction":[{"@type":"SearchAction","target":{"@type":"EntryPoint","urlTemplate":"https:\/\/whsrn.org\/es\/?s={search_term_string}"},"query-input":{"@type":"PropertyValueSpecification","valueRequired":true,"valueName":"search_term_string"}}],"inLanguage":"es"},{"@type":"Organization","@id":"https:\/\/whsrn.org\/es\/#organization","name":"Western Hemisphere Shorebird Reserve Network","url":"https:\/\/whsrn.org\/es\/","logo":{"@type":"ImageObject","inLanguage":"es","@id":"https:\/\/whsrn.org\/es\/#\/schema\/logo\/image\/","url":"https:\/\/whsrn.org\/wp-content\/uploads\/2021\/01\/whsrn_nostrapline_square.png","contentUrl":"https:\/\/whsrn.org\/wp-content\/uploads\/2021\/01\/whsrn_nostrapline_square.png","width":800,"height":800,"caption":"Western Hemisphere Shorebird Reserve Network"},"image":{"@id":"https:\/\/whsrn.org\/es\/#\/schema\/logo\/image\/"},"sameAs":["https:\/\/www.facebook.com\/WHSRN","https:\/\/x.com\/WHSRN","https:\/\/www.youtube.com\/channel\/UCDMz2oCsiK8e03UxFhHhdEA"]},{"@type":"Person","@id":"https:\/\/whsrn.org\/es\/#\/schema\/person\/a08d20e007b581509d035cab403a8a2c","name":"Maina Handmaker","image":{"@type":"ImageObject","inLanguage":"es","@id":"https:\/\/secure.gravatar.com\/avatar\/9da6be58b7ae045b42bbe8eca9124712d5d98b470fffe50292f5c7a88a8ea461?s=96&d=mm&r=g","url":"https:\/\/secure.gravatar.com\/avatar\/9da6be58b7ae045b42bbe8eca9124712d5d98b470fffe50292f5c7a88a8ea461?s=96&d=mm&r=g","contentUrl":"https:\/\/secure.gravatar.com\/avatar\/9da6be58b7ae045b42bbe8eca9124712d5d98b470fffe50292f5c7a88a8ea461?s=96&d=mm&r=g","caption":"Maina Handmaker"},"url":"https:\/\/whsrn.org\/es\/author\/mhandmaker\/"}]}},"_links":{"self":[{"href":"https:\/\/whsrn.org\/es\/wp-json\/wp\/v2\/posts\/1760","targetHints":{"allow":["GET"]}}],"collection":[{"href":"https:\/\/whsrn.org\/es\/wp-json\/wp\/v2\/posts"}],"about":[{"href":"https:\/\/whsrn.org\/es\/wp-json\/wp\/v2\/types\/post"}],"author":[{"embeddable":true,"href":"https:\/\/whsrn.org\/es\/wp-json\/wp\/v2\/users\/3"}],"replies":[{"embeddable":true,"href":"https:\/\/whsrn.org\/es\/wp-json\/wp\/v2\/comments?post=1760"}],"version-history":[{"count":2,"href":"https:\/\/whsrn.org\/es\/wp-json\/wp\/v2\/posts\/1760\/revisions"}],"predecessor-version":[{"id":1762,"href":"https:\/\/whsrn.org\/es\/wp-json\/wp\/v2\/posts\/1760\/revisions\/1762"}],"wp:featuredmedia":[{"embeddable":true,"href":"https:\/\/whsrn.org\/es\/wp-json\/wp\/v2\/media\/1756"}],"wp:attachment":[{"href":"https:\/\/whsrn.org\/es\/wp-json\/wp\/v2\/media?parent=1760"}],"wp:term":[{"taxonomy":"category","embeddable":true,"href":"https:\/\/whsrn.org\/es\/wp-json\/wp\/v2\/categories?post=1760"},{"taxonomy":"post_tag","embeddable":true,"href":"https:\/\/whsrn.org\/es\/wp-json\/wp\/v2\/tags?post=1760"}],"curies":[{"name":"wp","href":"https:\/\/api.w.org\/{rel}","templated":true}]}}