{"id":1667,"date":"2018-06-27T16:25:14","date_gmt":"2018-06-27T16:25:14","guid":{"rendered":"https:\/\/whsrn.org\/?p=1667"},"modified":"2018-11-09T17:49:31","modified_gmt":"2018-11-09T17:49:31","slug":"se-lanza-el-plan-de-conservacion-de-aves-playeras-en-ecuador","status":"publish","type":"post","link":"https:\/\/whsrn.org\/es\/se-lanza-el-plan-de-conservacion-de-aves-playeras-en-ecuador\/","title":{"rendered":"Se lanza el Plan de Conservaci\u00f3n de Aves Playeras en Ecuador"},"content":{"rendered":"[vc_row css=&#8221;.vc_custom_1537359740219{margin-top: 0px !important;padding-top: 0px !important;}&#8221;][vc_column css=&#8221;.vc_custom_1537371217000{margin-top: 0px !important;padding-top: 0px !important;}&#8221;][vc_column_text css=&#8221;.vc_custom_1541175955128{margin-top: 0px !important;margin-bottom: 0px !important;padding-top: 0px !important;}&#8221;]\n<p class=\"font_8\">El pasado 15 de abril de 2018 nuestros socios de Aves y Conservaci\u00f3n\/BirdLife en Ecuador lanzaron el Plan\u00a0 de Conservaci\u00f3n para Aves Playeras de Ecuador, en el marco de \u00a0la segunda edici\u00f3n del Festival de Aves Playeras de ese pa\u00eds. El ambiente fue de fiesta y la celebraci\u00f3n del hito del Plan tuvo como escenario el paisaje de La Chocolatera, en la Reserva Marino Costera Puntilla de Santa Elena. La actividad cont\u00f3 con la presencia del Licenciado Tarsicio Granizo, Ministro del Ambiente del Ecuador, Rob Clay, Director de la Oficina Ejecutiva de la RHRAP y Esteban Lasso Director Regional de la Secretaria de BirdLife en las Americas. Participaron adem\u00e1s directivos de Aves y Conservaci\u00f3n, de la Asociaci\u00f3n Calidris de Colombia, Point Blue Conservation Science de California y del Servicio Forestal de los Estados Unidos de Am\u00e9rica, entre otras diversas autoridades locales y nacionales.<\/p>\n[\/vc_column_text][mk_image src=&#8221;https:\/\/whsrn.org\/wp-content\/uploads\/2018\/06\/portada_plan.jpg&#8221; image_size=&#8221;full&#8221;][vc_column_text margin_bottom=&#8221;20&#8243; css=&#8221;.vc_custom_1541175965598{margin-bottom: 0px !important;}&#8221;]\n<div id=\"comp-jivjchmc\" class=\"txtNew\" data-packed=\"false\">\n<p class=\"font_8\">El Plan de Conservaci\u00f3n de Aves Playeras para Ecuador, servir\u00e1 como documento rector para la conservaci\u00f3n de las aves playeras y sus h\u00e1bitats y como marco para la acci\u00f3n nacional e intervenci\u00f3n de los diversos actores y sectores; p\u00fablico, privado y sociedad civil, interesados y comprometidos con su conservaci\u00f3n. El proceso de construcci\u00f3n del plan fue articulado por nuestros socios de Aves y Conservaci\u00f3n y liderado por la experta Ana Agreda, con el acompa\u00f1amiento t\u00e9cnico de la Oficina Ejecutiva de la RHRAP, a trav\u00e9s de nuestro Especialista en Conservaci\u00f3n, Diego Luna Quevedo. El Plan cuenta con el aval t\u00e9cnico del Ministerio de Medio Ambiente de Ecuador.<\/p>\n<\/div>\n[\/vc_column_text][\/vc_column][\/vc_row][mk_page_section full_width=&#8221;true&#8221; padding_top=&#8221;25&#8243; padding_bottom=&#8221;0&#8243; sidebar=&#8221;sidebar-1&#8243;][vc_column width=&#8221;1\/2&#8243; css=&#8221;.vc_custom_1536683611141{margin-right: 0px !important;margin-left: 0px !important;padding-right: 3px !important;padding-left: 3px !important;}&#8221;][mk_image src=&#8221;https:\/\/whsrn.org\/wp-content\/uploads\/2018\/06\/experts_formattedwp.jpg&#8221; image_size=&#8221;full&#8221;][\/vc_column][vc_column width=&#8221;1\/2&#8243; css=&#8221;.vc_custom_1536683620659{margin-right: 0px !important;margin-left: 0px !important;padding-right: 3px !important;padding-left: 3px !important;}&#8221;][mk_image src=&#8221;https:\/\/whsrn.org\/wp-content\/uploads\/2018\/06\/wings_formattedwp.jpg&#8221; image_size=&#8221;full&#8221;][\/vc_column][\/mk_page_section][vc_row][vc_column][mk_fancy_title tag_name=&#8221;span&#8221; color=&#8221;#53565a&#8221; size=&#8221;12&#8243; font_weight=&#8221;bold&#8221; margin_bottom=&#8221;0&#8243; font_family=&#8221;none&#8221; align=&#8221;center&#8221;]\n<div id=\"comp-jjabhjs7\" class=\"txtNew\" data-packed=\"true\">\n<div id=\"comp-jivjchjf\" class=\"txtNew\" data-packed=\"false\" data-min-height=\"17\">\n<div id=\"comp-jlcre5gi\" class=\"txtNew\" data-packed=\"false\" data-min-height=\"17\">\n<p class=\"font_9\">Izquierda: Mesa de autoridades que exponen en el lanzamiento p\u00fablico del Plan de Conservaci\u00f3n de Ecuador. Derecha: Lcdo. Tarsicio Granizo (Ministro del Ambiente de Ecuador) apoyando la conservaci\u00f3n de las aves playeras. <em>Fotos: Aves y Conservaci\u00f3n.<\/em><\/p>\n<\/div>\n<\/div>\n<\/div>\n[\/mk_fancy_title][vc_column_text css=&#8221;.vc_custom_1541176048459{margin-bottom: 0px !important;}&#8221;]Para la construcci\u00f3n del Plan se llev\u00f3 a cabo un proceso participativo multisectorial que involucr\u00f3 de manera directa a expertos y manejadores de las \u00e1reas cr\u00edticas para estas aves. En Ecuador se han identificado 59 especies de aves pertenecientes a este grupo y un total de 68 sitios de importancia para aves playeras, de los cuales nueve cumplen con los &#8220;criterios RHRAP&#8221; respecto de su importancia biol\u00f3gica.[\/vc_column_text][\/vc_column][\/vc_row][mk_page_section min_height=&#8221;1&#8243; padding_bottom=&#8221;0&#8243; sidebar=&#8221;sidebar-1&#8243;][vc_column width=&#8221;1\/6&#8243;][\/vc_column][vc_column width=&#8221;2\/3&#8243;][mk_image src=&#8221;https:\/\/whsrn.org\/wp-content\/uploads\/2018\/06\/ana_diana_formattedwp.jpg&#8221; image_size=&#8221;full&#8221;][mk_fancy_title tag_name=&#8221;span&#8221; color=&#8221;#53565a&#8221; size=&#8221;12&#8243; font_weight=&#8221;bold&#8221; margin_bottom=&#8221;0&#8243; font_family=&#8221;none&#8221; align=&#8221;center&#8221;]\n<div id=\"comp-jjabhjs7\" class=\"txtNew\" data-packed=\"true\">\n<div id=\"comp-jhgnp0bn\" class=\"txtNew\" data-packed=\"false\" data-min-height=\"17\">\n<div id=\"comp-jlcre5hu\" class=\"txtNew\" data-packed=\"false\" data-min-height=\"17\">\n<p class=\"font_9\">Ana Agreda (Aves y Conservacion) y Diana Eusse (Asociacion Calidris) en la carpa de exposici\u00f3n del Plan de Conservaci\u00f3n. <em>Foto: Aves y Conservaci\u00f3n.<\/em><\/p>\n<\/div>\n<\/div>\n<\/div>\n[\/mk_fancy_title][\/vc_column][vc_column width=&#8221;1\/6&#8243;][\/vc_column][\/mk_page_section][vc_row][vc_column][vc_column_text margin_bottom=&#8221;20&#8243; css=&#8221;.vc_custom_1541176099542{margin-bottom: 0px !important;}&#8221;]\n<div id=\"comp-jivjchmc\" class=\"txtNew\" data-packed=\"false\">\n<p class=\"font_8\" style=\"text-align: center;\">Para conoce m\u00e1s sobre el festival el II Festival de Aves Playeras de Ecuador, visita<\/p>\n<p class=\"font_8\" style=\"text-align: center;\"><a href=\"http:\/\/avesconservacion.org\/web\/conoce-todo-sobre-el-ii-festival-de-aves-playeras\/\" target=\"_blank\" rel=\"noopener undefined\" data-content=\"http:\/\/avesconservacion.org\/web\/conoce-todo-sobre-el-ii-festival-de-aves-playeras\/\" data-type=\"external\">http:\/\/avesconservacion.org\/web\/conoce-todo-sobre-el-ii-festival-de-aves-playeras\/<\/a><\/p>\n<p class=\"font_8\" style=\"text-align: center;\">Para descargar el Plan,\u00a0<a href=\"http:\/\/avesconservacion.org\/web\/wp-content\/uploads\/2018\/05\/Plan-de-Conservaci%C3%B3n-para-Aves-Playeras-en-Ecuador-1.pdf\" target=\"_blank\" rel=\"noopener undefined\" data-content=\"http:\/\/avesconservacion.org\/web\/wp-content\/uploads\/2018\/05\/Plan-de-Conservaci%C3%B3n-para-Aves-Playeras-en-Ecuador-1.pdf\" data-type=\"external\">haga clic aqu\u00ed.<\/a><\/p>\n<\/div>\n[\/vc_column_text][\/vc_column][\/vc_row]\n","protected":false},"excerpt":{"rendered":"<p>El nuevo Plan de Conservaci\u00f3n de Aves Playeras de Ecuador servir\u00e1 como documento gu\u00eda para la acci\u00f3n nacional para la conservaci\u00f3n de las aves playeras y sus h\u00e1bitats. Lea sobre la celebraci\u00f3n en el segundo Festival de Aves Playeras de Ecuador!<\/p>\n","protected":false},"author":7,"featured_media":1658,"comment_status":"closed","ping_status":"closed","sticky":false,"template":"","format":"standard","meta":{"nf_dc_page":"","footnotes":""},"categories":[75],"tags":[400],"class_list":["post-1667","post","type-post","status-publish","format-standard","has-post-thumbnail","hentry","category-conservacion-en-accion","tag-ecuador-es"],"yoast_head":"<!-- This site is optimized with the Yoast SEO plugin v27.2 - https:\/\/yoast.com\/product\/yoast-seo-wordpress\/ -->\n<title>Se lanza el Plan de Conservaci\u00f3n de Aves Playeras en Ecuador &#8211; WHSRN<\/title>\n<meta name=\"robots\" content=\"index, follow, max-snippet:-1, max-image-preview:large, max-video-preview:-1\" \/>\n<link rel=\"canonical\" href=\"https:\/\/whsrn.org\/es\/se-lanza-el-plan-de-conservacion-de-aves-playeras-en-ecuador\/\" \/>\n<meta property=\"og:locale\" content=\"es_ES\" \/>\n<meta property=\"og:type\" content=\"article\" \/>\n<meta property=\"og:title\" content=\"Se lanza el Plan de Conservaci\u00f3n de Aves Playeras en Ecuador &#8211; WHSRN\" \/>\n<meta property=\"og:description\" content=\"El nuevo Plan de Conservaci\u00f3n de Aves Playeras de Ecuador servir\u00e1 como documento gu\u00eda para la acci\u00f3n nacional para la conservaci\u00f3n de las aves playeras y sus h\u00e1bitats. Lea sobre la celebraci\u00f3n en el segundo Festival de Aves Playeras de Ecuador!\" \/>\n<meta property=\"og:url\" content=\"https:\/\/whsrn.org\/es\/se-lanza-el-plan-de-conservacion-de-aves-playeras-en-ecuador\/\" \/>\n<meta property=\"og:site_name\" content=\"WHSRN\" \/>\n<meta property=\"article:publisher\" content=\"https:\/\/www.facebook.com\/WHSRN\" \/>\n<meta property=\"article:published_time\" content=\"2018-06-27T16:25:14+00:00\" \/>\n<meta property=\"article:modified_time\" content=\"2018-11-09T17:49:31+00:00\" \/>\n<meta property=\"og:image\" content=\"https:\/\/whsrn.org\/wp-content\/uploads\/2018\/06\/ecuadorplan_feature.jpg\" \/>\n\t<meta property=\"og:image:width\" content=\"1680\" \/>\n\t<meta property=\"og:image:height\" content=\"775\" \/>\n\t<meta property=\"og:image:type\" content=\"image\/jpeg\" \/>\n<meta name=\"author\" content=\"Diego Luna Quevedo\" \/>\n<meta name=\"twitter:card\" content=\"summary_large_image\" \/>\n<meta name=\"twitter:creator\" content=\"@WHSRN\" \/>\n<meta name=\"twitter:site\" content=\"@WHSRN\" \/>\n<meta name=\"twitter:label1\" content=\"Escrito por\" \/>\n\t<meta name=\"twitter:data1\" content=\"Diego Luna Quevedo\" \/>\n\t<meta name=\"twitter:label2\" content=\"Tiempo de lectura\" \/>\n\t<meta name=\"twitter:data2\" content=\"4 minutos\" \/>\n<script type=\"application\/ld+json\" class=\"yoast-schema-graph\">{\"@context\":\"https:\/\/schema.org\",\"@graph\":[{\"@type\":\"Article\",\"@id\":\"https:\/\/whsrn.org\/es\/se-lanza-el-plan-de-conservacion-de-aves-playeras-en-ecuador\/#article\",\"isPartOf\":{\"@id\":\"https:\/\/whsrn.org\/es\/se-lanza-el-plan-de-conservacion-de-aves-playeras-en-ecuador\/\"},\"author\":{\"name\":\"Diego Luna Quevedo\",\"@id\":\"https:\/\/whsrn.org\/es\/#\/schema\/person\/19081fccc7508d38b4277507ddecd2aa\"},\"headline\":\"Se lanza el Plan de Conservaci\u00f3n de Aves Playeras en Ecuador\",\"datePublished\":\"2018-06-27T16:25:14+00:00\",\"dateModified\":\"2018-11-09T17:49:31+00:00\",\"mainEntityOfPage\":{\"@id\":\"https:\/\/whsrn.org\/es\/se-lanza-el-plan-de-conservacion-de-aves-playeras-en-ecuador\/\"},\"wordCount\":728,\"publisher\":{\"@id\":\"https:\/\/whsrn.org\/es\/#organization\"},\"image\":{\"@id\":\"https:\/\/whsrn.org\/es\/se-lanza-el-plan-de-conservacion-de-aves-playeras-en-ecuador\/#primaryimage\"},\"thumbnailUrl\":\"https:\/\/whsrn.org\/wp-content\/uploads\/2018\/06\/ecuadorplan_feature.jpg\",\"keywords\":[\"Ecuador\"],\"articleSection\":[\"Conservaci\u00f3n en Acci\u00f3n\"],\"inLanguage\":\"es\"},{\"@type\":\"WebPage\",\"@id\":\"https:\/\/whsrn.org\/es\/se-lanza-el-plan-de-conservacion-de-aves-playeras-en-ecuador\/\",\"url\":\"https:\/\/whsrn.org\/es\/se-lanza-el-plan-de-conservacion-de-aves-playeras-en-ecuador\/\",\"name\":\"Se lanza el Plan de Conservaci\u00f3n de Aves Playeras en Ecuador &#8211; WHSRN\",\"isPartOf\":{\"@id\":\"https:\/\/whsrn.org\/es\/#website\"},\"primaryImageOfPage\":{\"@id\":\"https:\/\/whsrn.org\/es\/se-lanza-el-plan-de-conservacion-de-aves-playeras-en-ecuador\/#primaryimage\"},\"image\":{\"@id\":\"https:\/\/whsrn.org\/es\/se-lanza-el-plan-de-conservacion-de-aves-playeras-en-ecuador\/#primaryimage\"},\"thumbnailUrl\":\"https:\/\/whsrn.org\/wp-content\/uploads\/2018\/06\/ecuadorplan_feature.jpg\",\"datePublished\":\"2018-06-27T16:25:14+00:00\",\"dateModified\":\"2018-11-09T17:49:31+00:00\",\"breadcrumb\":{\"@id\":\"https:\/\/whsrn.org\/es\/se-lanza-el-plan-de-conservacion-de-aves-playeras-en-ecuador\/#breadcrumb\"},\"inLanguage\":\"es\",\"potentialAction\":[{\"@type\":\"ReadAction\",\"target\":[\"https:\/\/whsrn.org\/es\/se-lanza-el-plan-de-conservacion-de-aves-playeras-en-ecuador\/\"]}]},{\"@type\":\"ImageObject\",\"inLanguage\":\"es\",\"@id\":\"https:\/\/whsrn.org\/es\/se-lanza-el-plan-de-conservacion-de-aves-playeras-en-ecuador\/#primaryimage\",\"url\":\"https:\/\/whsrn.org\/wp-content\/uploads\/2018\/06\/ecuadorplan_feature.jpg\",\"contentUrl\":\"https:\/\/whsrn.org\/wp-content\/uploads\/2018\/06\/ecuadorplan_feature.jpg\",\"width\":1680,\"height\":775},{\"@type\":\"BreadcrumbList\",\"@id\":\"https:\/\/whsrn.org\/es\/se-lanza-el-plan-de-conservacion-de-aves-playeras-en-ecuador\/#breadcrumb\",\"itemListElement\":[{\"@type\":\"ListItem\",\"position\":1,\"name\":\"Home\",\"item\":\"https:\/\/whsrn.org\/es\/\"},{\"@type\":\"ListItem\",\"position\":2,\"name\":\"Se lanza el Plan de Conservaci\u00f3n de Aves Playeras en Ecuador\"}]},{\"@type\":\"WebSite\",\"@id\":\"https:\/\/whsrn.org\/es\/#website\",\"url\":\"https:\/\/whsrn.org\/es\/\",\"name\":\"WHSRN\",\"description\":\"Western Hemisphere Shorebird Reserve Network\",\"publisher\":{\"@id\":\"https:\/\/whsrn.org\/es\/#organization\"},\"potentialAction\":[{\"@type\":\"SearchAction\",\"target\":{\"@type\":\"EntryPoint\",\"urlTemplate\":\"https:\/\/whsrn.org\/es\/?s={search_term_string}\"},\"query-input\":{\"@type\":\"PropertyValueSpecification\",\"valueRequired\":true,\"valueName\":\"search_term_string\"}}],\"inLanguage\":\"es\"},{\"@type\":\"Organization\",\"@id\":\"https:\/\/whsrn.org\/es\/#organization\",\"name\":\"Western Hemisphere Shorebird Reserve Network\",\"url\":\"https:\/\/whsrn.org\/es\/\",\"logo\":{\"@type\":\"ImageObject\",\"inLanguage\":\"es\",\"@id\":\"https:\/\/whsrn.org\/es\/#\/schema\/logo\/image\/\",\"url\":\"https:\/\/whsrn.org\/wp-content\/uploads\/2021\/01\/whsrn_nostrapline_square.png\",\"contentUrl\":\"https:\/\/whsrn.org\/wp-content\/uploads\/2021\/01\/whsrn_nostrapline_square.png\",\"width\":800,\"height\":800,\"caption\":\"Western Hemisphere Shorebird Reserve Network\"},\"image\":{\"@id\":\"https:\/\/whsrn.org\/es\/#\/schema\/logo\/image\/\"},\"sameAs\":[\"https:\/\/www.facebook.com\/WHSRN\",\"https:\/\/x.com\/WHSRN\",\"https:\/\/www.youtube.com\/channel\/UCDMz2oCsiK8e03UxFhHhdEA\"]},{\"@type\":\"Person\",\"@id\":\"https:\/\/whsrn.org\/es\/#\/schema\/person\/19081fccc7508d38b4277507ddecd2aa\",\"name\":\"Diego Luna Quevedo\",\"image\":{\"@type\":\"ImageObject\",\"inLanguage\":\"es\",\"@id\":\"https:\/\/secure.gravatar.com\/avatar\/ad6c505adb994f56dfc1efc14d807595bb8acbdeaaaa150bf2e4392f1bedd7fe?s=96&d=mm&r=g\",\"url\":\"https:\/\/secure.gravatar.com\/avatar\/ad6c505adb994f56dfc1efc14d807595bb8acbdeaaaa150bf2e4392f1bedd7fe?s=96&d=mm&r=g\",\"contentUrl\":\"https:\/\/secure.gravatar.com\/avatar\/ad6c505adb994f56dfc1efc14d807595bb8acbdeaaaa150bf2e4392f1bedd7fe?s=96&d=mm&r=g\",\"caption\":\"Diego Luna Quevedo\"},\"url\":\"https:\/\/whsrn.org\/es\/author\/dlunaquevedo\/\"}]}<\/script>\n<!-- \/ Yoast SEO plugin. -->","yoast_head_json":{"title":"Se lanza el Plan de Conservaci\u00f3n de Aves Playeras en Ecuador &#8211; WHSRN","robots":{"index":"index","follow":"follow","max-snippet":"max-snippet:-1","max-image-preview":"max-image-preview:large","max-video-preview":"max-video-preview:-1"},"canonical":"https:\/\/whsrn.org\/es\/se-lanza-el-plan-de-conservacion-de-aves-playeras-en-ecuador\/","og_locale":"es_ES","og_type":"article","og_title":"Se lanza el Plan de Conservaci\u00f3n de Aves Playeras en Ecuador &#8211; WHSRN","og_description":"El nuevo Plan de Conservaci\u00f3n de Aves Playeras de Ecuador servir\u00e1 como documento gu\u00eda para la acci\u00f3n nacional para la conservaci\u00f3n de las aves playeras y sus h\u00e1bitats. Lea sobre la celebraci\u00f3n en el segundo Festival de Aves Playeras de Ecuador!","og_url":"https:\/\/whsrn.org\/es\/se-lanza-el-plan-de-conservacion-de-aves-playeras-en-ecuador\/","og_site_name":"WHSRN","article_publisher":"https:\/\/www.facebook.com\/WHSRN","article_published_time":"2018-06-27T16:25:14+00:00","article_modified_time":"2018-11-09T17:49:31+00:00","og_image":[{"width":1680,"height":775,"url":"https:\/\/whsrn.org\/wp-content\/uploads\/2018\/06\/ecuadorplan_feature.jpg","type":"image\/jpeg"}],"author":"Diego Luna Quevedo","twitter_card":"summary_large_image","twitter_creator":"@WHSRN","twitter_site":"@WHSRN","twitter_misc":{"Escrito por":"Diego Luna Quevedo","Tiempo de lectura":"4 minutos"},"schema":{"@context":"https:\/\/schema.org","@graph":[{"@type":"Article","@id":"https:\/\/whsrn.org\/es\/se-lanza-el-plan-de-conservacion-de-aves-playeras-en-ecuador\/#article","isPartOf":{"@id":"https:\/\/whsrn.org\/es\/se-lanza-el-plan-de-conservacion-de-aves-playeras-en-ecuador\/"},"author":{"name":"Diego Luna Quevedo","@id":"https:\/\/whsrn.org\/es\/#\/schema\/person\/19081fccc7508d38b4277507ddecd2aa"},"headline":"Se lanza el Plan de Conservaci\u00f3n de Aves Playeras en Ecuador","datePublished":"2018-06-27T16:25:14+00:00","dateModified":"2018-11-09T17:49:31+00:00","mainEntityOfPage":{"@id":"https:\/\/whsrn.org\/es\/se-lanza-el-plan-de-conservacion-de-aves-playeras-en-ecuador\/"},"wordCount":728,"publisher":{"@id":"https:\/\/whsrn.org\/es\/#organization"},"image":{"@id":"https:\/\/whsrn.org\/es\/se-lanza-el-plan-de-conservacion-de-aves-playeras-en-ecuador\/#primaryimage"},"thumbnailUrl":"https:\/\/whsrn.org\/wp-content\/uploads\/2018\/06\/ecuadorplan_feature.jpg","keywords":["Ecuador"],"articleSection":["Conservaci\u00f3n en Acci\u00f3n"],"inLanguage":"es"},{"@type":"WebPage","@id":"https:\/\/whsrn.org\/es\/se-lanza-el-plan-de-conservacion-de-aves-playeras-en-ecuador\/","url":"https:\/\/whsrn.org\/es\/se-lanza-el-plan-de-conservacion-de-aves-playeras-en-ecuador\/","name":"Se lanza el Plan de Conservaci\u00f3n de Aves Playeras en Ecuador &#8211; WHSRN","isPartOf":{"@id":"https:\/\/whsrn.org\/es\/#website"},"primaryImageOfPage":{"@id":"https:\/\/whsrn.org\/es\/se-lanza-el-plan-de-conservacion-de-aves-playeras-en-ecuador\/#primaryimage"},"image":{"@id":"https:\/\/whsrn.org\/es\/se-lanza-el-plan-de-conservacion-de-aves-playeras-en-ecuador\/#primaryimage"},"thumbnailUrl":"https:\/\/whsrn.org\/wp-content\/uploads\/2018\/06\/ecuadorplan_feature.jpg","datePublished":"2018-06-27T16:25:14+00:00","dateModified":"2018-11-09T17:49:31+00:00","breadcrumb":{"@id":"https:\/\/whsrn.org\/es\/se-lanza-el-plan-de-conservacion-de-aves-playeras-en-ecuador\/#breadcrumb"},"inLanguage":"es","potentialAction":[{"@type":"ReadAction","target":["https:\/\/whsrn.org\/es\/se-lanza-el-plan-de-conservacion-de-aves-playeras-en-ecuador\/"]}]},{"@type":"ImageObject","inLanguage":"es","@id":"https:\/\/whsrn.org\/es\/se-lanza-el-plan-de-conservacion-de-aves-playeras-en-ecuador\/#primaryimage","url":"https:\/\/whsrn.org\/wp-content\/uploads\/2018\/06\/ecuadorplan_feature.jpg","contentUrl":"https:\/\/whsrn.org\/wp-content\/uploads\/2018\/06\/ecuadorplan_feature.jpg","width":1680,"height":775},{"@type":"BreadcrumbList","@id":"https:\/\/whsrn.org\/es\/se-lanza-el-plan-de-conservacion-de-aves-playeras-en-ecuador\/#breadcrumb","itemListElement":[{"@type":"ListItem","position":1,"name":"Home","item":"https:\/\/whsrn.org\/es\/"},{"@type":"ListItem","position":2,"name":"Se lanza el Plan de Conservaci\u00f3n de Aves Playeras en Ecuador"}]},{"@type":"WebSite","@id":"https:\/\/whsrn.org\/es\/#website","url":"https:\/\/whsrn.org\/es\/","name":"WHSRN","description":"Western Hemisphere Shorebird Reserve Network","publisher":{"@id":"https:\/\/whsrn.org\/es\/#organization"},"potentialAction":[{"@type":"SearchAction","target":{"@type":"EntryPoint","urlTemplate":"https:\/\/whsrn.org\/es\/?s={search_term_string}"},"query-input":{"@type":"PropertyValueSpecification","valueRequired":true,"valueName":"search_term_string"}}],"inLanguage":"es"},{"@type":"Organization","@id":"https:\/\/whsrn.org\/es\/#organization","name":"Western Hemisphere Shorebird Reserve Network","url":"https:\/\/whsrn.org\/es\/","logo":{"@type":"ImageObject","inLanguage":"es","@id":"https:\/\/whsrn.org\/es\/#\/schema\/logo\/image\/","url":"https:\/\/whsrn.org\/wp-content\/uploads\/2021\/01\/whsrn_nostrapline_square.png","contentUrl":"https:\/\/whsrn.org\/wp-content\/uploads\/2021\/01\/whsrn_nostrapline_square.png","width":800,"height":800,"caption":"Western Hemisphere Shorebird Reserve Network"},"image":{"@id":"https:\/\/whsrn.org\/es\/#\/schema\/logo\/image\/"},"sameAs":["https:\/\/www.facebook.com\/WHSRN","https:\/\/x.com\/WHSRN","https:\/\/www.youtube.com\/channel\/UCDMz2oCsiK8e03UxFhHhdEA"]},{"@type":"Person","@id":"https:\/\/whsrn.org\/es\/#\/schema\/person\/19081fccc7508d38b4277507ddecd2aa","name":"Diego Luna Quevedo","image":{"@type":"ImageObject","inLanguage":"es","@id":"https:\/\/secure.gravatar.com\/avatar\/ad6c505adb994f56dfc1efc14d807595bb8acbdeaaaa150bf2e4392f1bedd7fe?s=96&d=mm&r=g","url":"https:\/\/secure.gravatar.com\/avatar\/ad6c505adb994f56dfc1efc14d807595bb8acbdeaaaa150bf2e4392f1bedd7fe?s=96&d=mm&r=g","contentUrl":"https:\/\/secure.gravatar.com\/avatar\/ad6c505adb994f56dfc1efc14d807595bb8acbdeaaaa150bf2e4392f1bedd7fe?s=96&d=mm&r=g","caption":"Diego Luna Quevedo"},"url":"https:\/\/whsrn.org\/es\/author\/dlunaquevedo\/"}]}},"_links":{"self":[{"href":"https:\/\/whsrn.org\/es\/wp-json\/wp\/v2\/posts\/1667","targetHints":{"allow":["GET"]}}],"collection":[{"href":"https:\/\/whsrn.org\/es\/wp-json\/wp\/v2\/posts"}],"about":[{"href":"https:\/\/whsrn.org\/es\/wp-json\/wp\/v2\/types\/post"}],"author":[{"embeddable":true,"href":"https:\/\/whsrn.org\/es\/wp-json\/wp\/v2\/users\/7"}],"replies":[{"embeddable":true,"href":"https:\/\/whsrn.org\/es\/wp-json\/wp\/v2\/comments?post=1667"}],"version-history":[{"count":3,"href":"https:\/\/whsrn.org\/es\/wp-json\/wp\/v2\/posts\/1667\/revisions"}],"predecessor-version":[{"id":2068,"href":"https:\/\/whsrn.org\/es\/wp-json\/wp\/v2\/posts\/1667\/revisions\/2068"}],"wp:featuredmedia":[{"embeddable":true,"href":"https:\/\/whsrn.org\/es\/wp-json\/wp\/v2\/media\/1658"}],"wp:attachment":[{"href":"https:\/\/whsrn.org\/es\/wp-json\/wp\/v2\/media?parent=1667"}],"wp:term":[{"taxonomy":"category","embeddable":true,"href":"https:\/\/whsrn.org\/es\/wp-json\/wp\/v2\/categories?post=1667"},{"taxonomy":"post_tag","embeddable":true,"href":"https:\/\/whsrn.org\/es\/wp-json\/wp\/v2\/tags?post=1667"}],"curies":[{"name":"wp","href":"https:\/\/api.w.org\/{rel}","templated":true}]}}