{"id":16655,"date":"2021-12-16T05:00:31","date_gmt":"2021-12-16T05:00:31","guid":{"rendered":"https:\/\/whsrn.org\/diez-anos-contando-aves-playeras-migratorias-en-la-ruta-migratoria-del-pacifico\/"},"modified":"2021-12-17T06:16:42","modified_gmt":"2021-12-17T06:16:42","slug":"diez-anos-contando-aves-playeras-migratorias-en-la-ruta-migratoria-del-pacifico","status":"publish","type":"post","link":"https:\/\/whsrn.org\/es\/diez-anos-contando-aves-playeras-migratorias-en-la-ruta-migratoria-del-pacifico\/","title":{"rendered":"Diez a\u00f1os Contando Aves Playeras Migratorias en la Ruta Migratoria del Pac\u00edfico"},"content":{"rendered":"[vc_row css=&#8221;.vc_custom_1537359740219{margin-top: 0px !important;padding-top: 0px !important;}&#8221;][vc_column css=&#8221;.vc_custom_1537371217000{margin-top: 0px !important;padding-top: 0px !important;}&#8221;][mk_padding_divider size=&#8221;20&#8243;][vc_column_text margin_bottom=&#8221;20&#8243; css=&#8221;.vc_custom_1639719545328{margin-top: 0px !important;margin-bottom: 0px !important;padding-top: 0px !important;}&#8221;]<strong>\u00danase al conteo anual del Proyecto de Aves Playeras Migratorias<\/strong><\/p>\n<p>Empezamos la cuenta regresiva para el pr\u00f3ximo conteo del Proyecto de Aves Playeras Migratorias (MSP por sus siglas en ingl\u00e9s), este a\u00f1o algunos de los socios han alcanzado su d\u00e9cimo conteo en Am\u00e9rica Central. Los conteos inician el 16 de enero y finalizan el 15 de febrero 2022, una ventana de 30 d\u00edas para visitar cada uno de los sitios para comprender en qu\u00e9 estado se encuentran y qu\u00e9 aves playeras migratorias han retornado a su h\u00e1bitat invernal que abarca desde M\u00e9xico hasta Chile. \u00a0En esta nota les contamos con quien contactarse si desean sumarse a la red MSP, tambi\u00e9n compartimos resultados generales de 2021 y algunos datos detallados para Am\u00e9rica Central y del Sur.<\/p>\n<p><strong>Protocolos y conteos <\/strong><\/p>\n<p>La red de sitios MSP tiene un dise\u00f1o espacial jer\u00e1rquico que cubre e inicia en la ruta migratoria del Pac\u00edfico, y continua en el siguiente nivel de jerarqu\u00eda en los sitios (\u00e1reas protegidas, sitios Ramsar, etc.) hasta llegar a las unidades de muestro que se encuentran dentro de los sitios.\u00a0 Este a\u00f1o en las unidades de muestreos se han implementado por tercera vez protocolos para el registro de perturbaciones naturales y humanas, y su efecto en las aves playeras.<\/p>\n<p>En 2021 se implement\u00f3 por primera vez el protocolo para evaluaci\u00f3n de h\u00e1bitat, usando la gu\u00eda de evaluaci\u00f3n dise\u00f1ada por la <a href=\"http:\/\/www.calidris.org.co\">Asociaci\u00f3n Calidris.<\/a>\u00a0 Esta actividad complementaria contribuye con informaci\u00f3n a la evaluaci\u00f3n de impactos de conservaci\u00f3n que se lleva a cabo con el Laboratorio de Ornitolog\u00eda de la Universidad de Cornell, Advance Conservation Strategy, y el Centro de Estudios del patrimonio natural (CECPAN).[\/vc_column_text][\/vc_column][\/vc_row][mk_page_section full_width=&#8221;true&#8221; padding_top=&#8221;25&#8243; padding_bottom=&#8221;0&#8243; sidebar=&#8221;sidebar-1&#8243;][vc_column width=&#8221;1\/2&#8243; css=&#8221;.vc_custom_1536683611141{margin-right: 0px !important;margin-left: 0px !important;padding-right: 3px !important;padding-left: 3px !important;}&#8221;][mk_image src=&#8221;https:\/\/whsrn.org\/wp-content\/uploads\/2021\/12\/msp21_salinera_conchal_vgalan.jpg&#8221; image_size=&#8221;full&#8221;][\/vc_column][vc_column width=&#8221;1\/2&#8243; css=&#8221;.vc_custom_1536683620659{margin-right: 0px !important;margin-left: 0px !important;padding-right: 3px !important;padding-left: 3px !important;}&#8221;][mk_image src=&#8221;https:\/\/whsrn.org\/wp-content\/uploads\/2021\/12\/msp21_salinas_santos_cr.jpg&#8221; image_size=&#8221;full&#8221;][\/vc_column][\/mk_page_section][vc_row][vc_column][mk_fancy_title tag_name=&#8221;span&#8221; color=&#8221;#53565a&#8221; size=&#8221;12&#8243; font_weight=&#8221;bold&#8221; margin_bottom=&#8221;0&#8243; font_family=&#8221;none&#8221; align=&#8221;center&#8221;]\n<div id=\"comp-jjabhjs7\" class=\"txtNew\" data-packed=\"true\">\n<div id=\"comp-jivjchjf\" class=\"txtNew\" data-packed=\"false\" data-min-height=\"17\">\n<div id=\"comp-jlcre5gi\" class=\"txtNew\" data-packed=\"false\" data-min-height=\"17\">\n<p class=\"font_9\">Izquierda: Salinera El Conchal, Bah\u00eda de la Uni\u00f3n, Golfo de Fonseca en El Salvador. Concentraciones importante de Chorlito Piquigrueso (<em>Charadrius wilsonia<\/em>). <em>Foto: Vicky Gal\u00e1n. <\/em>Derecha: Bandad mixta en Salinas Santos, Colorado de Abangares en Costa Rica.<\/p>\n<\/div>\n<\/div>\n<\/div>\n[\/mk_fancy_title][mk_padding_divider size=&#8221;20&#8243;][vc_column_text margin_bottom=&#8221;20&#8243; css=&#8221;.vc_custom_1639719924439{margin-bottom: 0px !important;}&#8221;]\n<strong>Organizaciones y Voluntarios MSP <\/strong><\/p>\n<p>MSP es un esfuerzo colectivo, liderado a trav\u00e9s de <a href=\"https:\/\/www.pointblue.org\/\" target=\"_blank\" rel=\"noopener\">Point Blue Conservation Science<\/a>, con la participaci\u00f3n de \u00a0<a href=\"https:\/\/www.manomet.org\/\" target=\"_blank\" rel=\"noopener\">Manomet<\/a>, <a href=\"https:\/\/www.birdscanada.org\" target=\"_blank\" rel=\"noopener\">Bird Studies Canada<\/a>, La Universidad P\u00fablica de la Ensenada de M\u00e9xico, <a href=\"http:\/\/www.calidris.org.co\/\" target=\"_blank\" rel=\"noopener\">Asociaci\u00f3n Calidris<\/a> y el Programa Internacional del Servicio Forestal de Estados Unidos. \u00a0Este programa adem\u00e1s cuenta con el apoyo y la participaci\u00f3n de socios locales desde Alaska hasta Chile. Las organizaciones locales lideran los conteos y las actividades que se realizan anualmente en cada regi\u00f3n.<\/p>\n<p>En 2021 participaron un total de 30 organizaciones locales en Am\u00e9rica Central y del Sur. \u00a0Debido a la pandemia por Covid-19, los esfuerzos de inclusi\u00f3n de voluntarios fueron limitados, a pesar de esto, este a\u00f1o participaron 117 voluntarios.<br \/>\n[\/vc_column_text][\/vc_column][\/vc_row][mk_page_section min_height=&#8221;1&#8243; padding_bottom=&#8221;0&#8243; sidebar=&#8221;sidebar-1&#8243;][vc_column width=&#8221;1\/6&#8243;][\/vc_column][vc_column width=&#8221;2\/3&#8243;][mk_image src=&#8221;https:\/\/whsrn.org\/wp-content\/uploads\/2021\/12\/2021mspok_spa.png&#8221; image_size=&#8221;full&#8221;][mk_fancy_title tag_name=&#8221;span&#8221; color=&#8221;#53565a&#8221; size=&#8221;12&#8243; font_weight=&#8221;bold&#8221; margin_bottom=&#8221;0&#8243; font_family=&#8221;none&#8221; align=&#8221;center&#8221;]\nResultados generales para Am\u00e9rica Central y del Sur.<br \/>\n[\/mk_fancy_title][\/vc_column][vc_column width=&#8221;1\/6&#8243;][\/vc_column][\/mk_page_section][vc_row][vc_column][mk_padding_divider size=&#8221;20&#8243;][vc_column_text margin_bottom=&#8221;20&#8243; css=&#8221;.vc_custom_1639624085801{margin-bottom: 0px !important;}&#8221;]\n<strong>Sitios MSP y Aves playeras<\/strong><\/p>\n<p>Este a\u00f1o en la costa pac\u00edfica de Am\u00e9rica Central y del Sur se contaron 203.875 aves playeras en 106 sitios y 413 unidades de muestreo. La informaci\u00f3n que se ha generado desde 2012 en las unidades de muestreos puede explorarse en:\u00a0 <a href=\"http:\/\/www.migratoryshorebirdproject.org\">www.migratoryshorebirdproject.org<\/a>. A continuaci\u00f3n vea algunos de los mapas de abundancias que puede encontrar ah\u00ed:<br \/>\n[\/vc_column_text][\/vc_column][\/vc_row][mk_page_section min_height=&#8221;1&#8243; padding_bottom=&#8221;0&#8243; sidebar=&#8221;sidebar-1&#8243;][vc_column width=&#8221;1\/6&#8243;][\/vc_column][vc_column width=&#8221;2\/3&#8243;][vc_gallery type=&#8221;flexslider_slide&#8221; interval=&#8221;0&#8243; images=&#8221;16623,16621,16619&#8243; img_size=&#8221;full&#8221;][\/vc_column][vc_column width=&#8221;1\/6&#8243;][\/vc_column][\/mk_page_section][vc_row][vc_column][vc_column_text margin_bottom=&#8221;20&#8243; css=&#8221;.vc_custom_1639623143004{margin-bottom: 0px !important;}&#8221;]\n<strong>Para mayor informaci\u00f3n contactar:\u00a0<\/strong><br \/>\n[\/vc_column_text][vc_tta_tabs][vc_tta_section title=&#8221;Regional Coordinators&#8221; tab_id=&#8221;1639623121939-910e8b87-2cf4&#8243;][vc_cta h2=&#8221;&#8221; h2_font_container=&#8221;font_size:18px|color:%233378aa|line_height:120%25&#8243; h2_google_fonts=&#8221;font_family:Roboto%3A100%2C100italic%2C300%2C300italic%2Cregular%2Citalic%2C500%2C500italic%2C700%2C700italic%2C900%2C900italic|font_style:500%20bold%20regular%3A500%3Anormal&#8221; style=&#8221;custom&#8221; use_custom_fonts_h2=&#8221;true&#8221; custom_background=&#8221;#f2f2f2&#8243;]\n<ul>\n<li style=\"text-align: left;\"><strong>Canad\u00e1<\/strong>: David Bradley (<a href=\"mailto:dbradley@birdscanada.org\">dbradley@birdscanada.org<\/a>), Birds Canada<\/li>\n<li style=\"text-align: left;\"><strong>Estados Unidos:<\/strong> Matt Reiter (<a href=\"mailto:mreiter@pointblue.org\">mreiter@pointblue.org<\/a>), Point Blue<\/li>\n<li style=\"text-align: left;\"><strong>M\u00e9xico<\/strong>: Eduardo Palacios (<a href=\"mailto:epalacio@cicese.mx\">epalacio@cicese.mx<\/a>), CICESE<\/li>\n<li style=\"text-align: left;\"><strong>Am\u00e9rica Central: <\/strong>Salvadora Morales (<a href=\"mailto:smorales@manomet.org\">smorales@manomet.org<\/a>), Manomet<\/li>\n<li style=\"text-align: left;\"><strong>Am\u00e9rica del Sur: <\/strong>Diana Eusse (<a href=\"mailto:deusse@calidris.org.co\" target=\"_blank\" rel=\"noopener\">deusse@calidris.org.co<\/a>), Asociaci\u00f3n Calidris.<\/li>\n<\/ul>\n[\/vc_cta][\/vc_tta_section][vc_tta_section title=&#8221;Contactos locales &#8211; Am\u00e9rica Central&#8221; tab_id=&#8221;1639623121972-796edfdc-7a09&#8243;][vc_cta h2=&#8221;&#8221; h2_font_container=&#8221;font_size:18px|color:%233378aa|line_height:120%25&#8243; h2_google_fonts=&#8221;font_family:Roboto%3A100%2C100italic%2C300%2C300italic%2Cregular%2Citalic%2C500%2C500italic%2C700%2C700italic%2C900%2C900italic|font_style:500%20bold%20regular%3A500%3Anormal&#8221; style=&#8221;custom&#8221; use_custom_fonts_h2=&#8221;true&#8221; custom_background=&#8221;#f2f2f2&#8243;]\n<ul>\n<li style=\"text-align: left;\"><strong>Guatemala:<\/strong>\u00a0 Bianca Bosarreyes (<u><a href=\"mailto:latticeb@hotmail.com\">latticeb@hotmail.com<\/a><\/u>), FUNDAECO.<\/li>\n<li style=\"text-align: left;\"><strong>Honduras:<\/strong> John van Dort, (<u><a href=\"mailto:asho.hondurasaves@gmail.com\">asho.hondurasaves@gmail.com<\/a><\/u>), ASHO.<\/li>\n<li style=\"text-align: left;\"><strong>El Salvador:<\/strong>\u00a0 Victoria Gal\u00e1n (<u><a href=\"mailto:Victoria.galan\">Victoria.galan<\/a><a href=\"mailto:Victoria.galan@salvanatura.org\">@salvanatura.org<\/a><\/u>), Salva Natura.<\/li>\n<li style=\"text-align: left;\"><strong>Nicaragua:<\/strong> Erika Reyes (<u><a href=\"mailto:erikareyes@grupoquetzalli.com\">erikareyes@grupoquetzalli.com<\/a><\/u>), Quetzalli.<\/li>\n<li style=\"text-align: left;\"><strong>Costa Rica:<\/strong>\u00a0 Luis Sandoval ( <u><a href=\"mailto:biosandoval@gmail.com\">biosandoval<\/a><a href=\"mailto:biosandoval@gmail.com\">@gmail.com<\/a><\/u>), Uni\u00f3n de Ornit\u00f3logos de Costa Rica.<\/li>\n<li style=\"text-align: left;\"><strong>Panam\u00e1:<\/strong> Esther Carty (<u><a href=\"mailto:scarty@audubonpanama.org\">scarty@audubonpanama.org<\/a><\/u>), Audobon Panam\u00e1.<\/li>\n<\/ul>\n[\/vc_cta][\/vc_tta_section][vc_tta_section title=&#8221;Contactos locales &#8211; Am\u00e9rica del Sur&#8221; tab_id=&#8221;1639623327535-9fff6aeb-89e5&#8243;][vc_cta h2=&#8221;&#8221; h2_font_container=&#8221;font_size:18px|color:%233378aa|line_height:120%25&#8243; h2_google_fonts=&#8221;font_family:Roboto%3A100%2C100italic%2C300%2C300italic%2Cregular%2Citalic%2C500%2C500italic%2C700%2C700italic%2C900%2C900italic|font_style:500%20bold%20regular%3A500%3Anormal&#8221; style=&#8221;custom&#8221; use_custom_fonts_h2=&#8221;true&#8221; custom_background=&#8221;#f2f2f2&#8243;]\n<ul>\n<li style=\"text-align: left;\"><strong>Colombia: <\/strong>Diana Eusse (<a href=\"mailto:deusse@calidris.org.co\" target=\"_blank\" rel=\"noopener\">deusse@calidris.org.co<\/a>), Asociaci\u00f3n Calidris.<\/li>\n<li style=\"text-align: left;\"><strong>Ecuador: <\/strong>Danixa Del Pezo (<u><a href=\"mailto:ddelpezo@avesconservacion.org\">ddelpezo@avesconservacion.org<\/a><\/u>), Aves y Conservaci\u00f3n.<\/li>\n<li style=\"text-align: left;\"><strong>Per\u00fa: <\/strong>Fernando Angulo (<a href=\"mailto:chamaepetes@gmail.com\">chamaepetes@gmail.com<\/a>), CORBIDI.<\/li>\n<li style=\"text-align: left;\"><strong>Chile:<\/strong> Sharon Montecino (<a href=\"mailto:sharonmontecino@redobservadores.cl\">sharonmontecino@redobservadores.cl<\/a>), Red de Observadores de Aves y Vida Silvestre de Chile.<\/li>\n<\/ul>\n[\/vc_cta][\/vc_tta_section][\/vc_tta_tabs][\/vc_column][\/vc_row][vc_row][vc_column][mk_fancy_title tag_name=&#8221;span&#8221; color=&#8221;#3d4045&#8243; size=&#8221;12&#8243; font_weight=&#8221;400&#8243; font_family=&#8221;none&#8221;]<strong>Foto de Portada: Zarapitos (<em>Numenius phaeopus<\/em>) descansando en marea alta en Corococas, Punta Morales en Costa Rica.\u00a0<\/strong>[\/mk_fancy_title][\/vc_column][\/vc_row]\n","protected":false},"excerpt":{"rendered":"<p>[vc_row css=&#8221;.vc_custom_1537359740219{margin-top: 0px !important;padding-top: 0px !important;}&#8221;][vc_column css=&#8221;.vc_custom_1537371217000{margin-top: 0px !important;padding-top: 0px !important;}&#8221;][mk_padding_divider size=&#8221;20&#8243;][vc_column_text margin_bottom=&#8221;20&#8243; css=&#8221;.vc_custom_1639719545328{margin-top: 0px !important;margin-bottom: 0px !important;padding-top: 0px !important;}&#8221;]\u00danase al conteo anual del Proyecto de Aves Playeras Migratorias Empezamos la cuenta regresiva para el pr\u00f3ximo conteo del Proyecto de Aves Playeras Migratorias (MSP por sus siglas en ingl\u00e9s), este a\u00f1o algunos de los socios [&hellip;]<\/p>\n","protected":false},"author":13,"featured_media":16627,"comment_status":"open","ping_status":"open","sticky":false,"template":"","format":"standard","meta":{"nf_dc_page":"","footnotes":""},"categories":[172,1,528],"tags":[],"class_list":["post-16655","post","type-post","status-publish","format-standard","has-post-thumbnail","hentry","category-monitoreo-de-poblaciones","category-uncategorized","category-whsrn-es"],"yoast_head":"<!-- This site is optimized with the Yoast SEO plugin v27.2 - https:\/\/yoast.com\/product\/yoast-seo-wordpress\/ -->\n<title>Diez a\u00f1os Contando Aves Playeras Migratorias en la Ruta Migratoria del Pac\u00edfico<\/title>\n<meta name=\"robots\" content=\"index, follow, max-snippet:-1, max-image-preview:large, max-video-preview:-1\" \/>\n<link rel=\"canonical\" href=\"https:\/\/whsrn.org\/es\/diez-anos-contando-aves-playeras-migratorias-en-la-ruta-migratoria-del-pacifico\/\" \/>\n<meta property=\"og:locale\" content=\"es_ES\" \/>\n<meta property=\"og:type\" content=\"article\" \/>\n<meta property=\"og:title\" content=\"Diez a\u00f1os Contando Aves Playeras Migratorias en la Ruta Migratoria del Pac\u00edfico\" \/>\n<meta property=\"og:description\" content=\"[vc_row css=&#8221;.vc_custom_1537359740219{margin-top: 0px !important;padding-top: 0px !important;}&#8221;][vc_column css=&#8221;.vc_custom_1537371217000{margin-top: 0px !important;padding-top: 0px !important;}&#8221;][mk_padding_divider size=&#8221;20&#8243;][vc_column_text margin_bottom=&#8221;20&#8243; css=&#8221;.vc_custom_1639719545328{margin-top: 0px !important;margin-bottom: 0px !important;padding-top: 0px !important;}&#8221;]\u00danase al conteo anual del Proyecto de Aves Playeras Migratorias Empezamos la cuenta regresiva para el pr\u00f3ximo conteo del Proyecto de Aves Playeras Migratorias (MSP por sus siglas en ingl\u00e9s), este a\u00f1o algunos de los socios [&hellip;]\" \/>\n<meta property=\"og:url\" content=\"https:\/\/whsrn.org\/es\/diez-anos-contando-aves-playeras-migratorias-en-la-ruta-migratoria-del-pacifico\/\" \/>\n<meta property=\"og:site_name\" content=\"WHSRN\" \/>\n<meta property=\"article:publisher\" content=\"https:\/\/www.facebook.com\/WHSRN\" \/>\n<meta property=\"article:published_time\" content=\"2021-12-16T05:00:31+00:00\" \/>\n<meta property=\"article:modified_time\" content=\"2021-12-17T06:16:42+00:00\" \/>\n<meta property=\"og:image\" content=\"https:\/\/whsrn.org\/wp-content\/uploads\/2021\/12\/msp21_featured_costarica.jpg\" \/>\n\t<meta property=\"og:image:width\" content=\"1680\" \/>\n\t<meta property=\"og:image:height\" content=\"775\" \/>\n\t<meta property=\"og:image:type\" content=\"image\/jpeg\" \/>\n<meta name=\"author\" content=\"Salvadora Morales\" \/>\n<meta name=\"twitter:card\" content=\"summary_large_image\" \/>\n<meta name=\"twitter:creator\" content=\"@WHSRN\" \/>\n<meta name=\"twitter:site\" content=\"@WHSRN\" \/>\n<meta name=\"twitter:label1\" content=\"Escrito por\" \/>\n\t<meta name=\"twitter:data1\" content=\"Salvadora Morales\" \/>\n\t<meta name=\"twitter:label2\" content=\"Tiempo de lectura\" \/>\n\t<meta name=\"twitter:data2\" content=\"4 minutos\" \/>\n<script type=\"application\/ld+json\" class=\"yoast-schema-graph\">{\"@context\":\"https:\/\/schema.org\",\"@graph\":[{\"@type\":\"Article\",\"@id\":\"https:\/\/whsrn.org\/es\/diez-anos-contando-aves-playeras-migratorias-en-la-ruta-migratoria-del-pacifico\/#article\",\"isPartOf\":{\"@id\":\"https:\/\/whsrn.org\/es\/diez-anos-contando-aves-playeras-migratorias-en-la-ruta-migratoria-del-pacifico\/\"},\"author\":{\"name\":\"Salvadora Morales\",\"@id\":\"https:\/\/whsrn.org\/es\/#\/schema\/person\/75add39c65cc6f06d2fa2b1f1787f59a\"},\"headline\":\"Diez a\u00f1os Contando Aves Playeras Migratorias en la Ruta Migratoria del Pac\u00edfico\",\"datePublished\":\"2021-12-16T05:00:31+00:00\",\"dateModified\":\"2021-12-17T06:16:42+00:00\",\"mainEntityOfPage\":{\"@id\":\"https:\/\/whsrn.org\/es\/diez-anos-contando-aves-playeras-migratorias-en-la-ruta-migratoria-del-pacifico\/\"},\"wordCount\":1294,\"commentCount\":0,\"publisher\":{\"@id\":\"https:\/\/whsrn.org\/es\/#organization\"},\"image\":{\"@id\":\"https:\/\/whsrn.org\/es\/diez-anos-contando-aves-playeras-migratorias-en-la-ruta-migratoria-del-pacifico\/#primaryimage\"},\"thumbnailUrl\":\"https:\/\/whsrn.org\/wp-content\/uploads\/2021\/12\/msp21_featured_costarica.jpg\",\"articleSection\":[\"Monitoreo de Poblaciones\",\"Uncategorized\",\"WHSRN\"],\"inLanguage\":\"es\",\"potentialAction\":[{\"@type\":\"CommentAction\",\"name\":\"Comment\",\"target\":[\"https:\/\/whsrn.org\/es\/diez-anos-contando-aves-playeras-migratorias-en-la-ruta-migratoria-del-pacifico\/#respond\"]}]},{\"@type\":\"WebPage\",\"@id\":\"https:\/\/whsrn.org\/es\/diez-anos-contando-aves-playeras-migratorias-en-la-ruta-migratoria-del-pacifico\/\",\"url\":\"https:\/\/whsrn.org\/es\/diez-anos-contando-aves-playeras-migratorias-en-la-ruta-migratoria-del-pacifico\/\",\"name\":\"Diez a\u00f1os Contando Aves Playeras Migratorias en la Ruta Migratoria del Pac\u00edfico\",\"isPartOf\":{\"@id\":\"https:\/\/whsrn.org\/es\/#website\"},\"primaryImageOfPage\":{\"@id\":\"https:\/\/whsrn.org\/es\/diez-anos-contando-aves-playeras-migratorias-en-la-ruta-migratoria-del-pacifico\/#primaryimage\"},\"image\":{\"@id\":\"https:\/\/whsrn.org\/es\/diez-anos-contando-aves-playeras-migratorias-en-la-ruta-migratoria-del-pacifico\/#primaryimage\"},\"thumbnailUrl\":\"https:\/\/whsrn.org\/wp-content\/uploads\/2021\/12\/msp21_featured_costarica.jpg\",\"datePublished\":\"2021-12-16T05:00:31+00:00\",\"dateModified\":\"2021-12-17T06:16:42+00:00\",\"breadcrumb\":{\"@id\":\"https:\/\/whsrn.org\/es\/diez-anos-contando-aves-playeras-migratorias-en-la-ruta-migratoria-del-pacifico\/#breadcrumb\"},\"inLanguage\":\"es\",\"potentialAction\":[{\"@type\":\"ReadAction\",\"target\":[\"https:\/\/whsrn.org\/es\/diez-anos-contando-aves-playeras-migratorias-en-la-ruta-migratoria-del-pacifico\/\"]}]},{\"@type\":\"ImageObject\",\"inLanguage\":\"es\",\"@id\":\"https:\/\/whsrn.org\/es\/diez-anos-contando-aves-playeras-migratorias-en-la-ruta-migratoria-del-pacifico\/#primaryimage\",\"url\":\"https:\/\/whsrn.org\/wp-content\/uploads\/2021\/12\/msp21_featured_costarica.jpg\",\"contentUrl\":\"https:\/\/whsrn.org\/wp-content\/uploads\/2021\/12\/msp21_featured_costarica.jpg\",\"width\":1680,\"height\":775},{\"@type\":\"BreadcrumbList\",\"@id\":\"https:\/\/whsrn.org\/es\/diez-anos-contando-aves-playeras-migratorias-en-la-ruta-migratoria-del-pacifico\/#breadcrumb\",\"itemListElement\":[{\"@type\":\"ListItem\",\"position\":1,\"name\":\"Home\",\"item\":\"https:\/\/whsrn.org\/es\/\"},{\"@type\":\"ListItem\",\"position\":2,\"name\":\"Diez a\u00f1os Contando Aves Playeras Migratorias en la Ruta Migratoria del Pac\u00edfico\"}]},{\"@type\":\"WebSite\",\"@id\":\"https:\/\/whsrn.org\/es\/#website\",\"url\":\"https:\/\/whsrn.org\/es\/\",\"name\":\"WHSRN\",\"description\":\"Western Hemisphere Shorebird Reserve Network\",\"publisher\":{\"@id\":\"https:\/\/whsrn.org\/es\/#organization\"},\"potentialAction\":[{\"@type\":\"SearchAction\",\"target\":{\"@type\":\"EntryPoint\",\"urlTemplate\":\"https:\/\/whsrn.org\/es\/?s={search_term_string}\"},\"query-input\":{\"@type\":\"PropertyValueSpecification\",\"valueRequired\":true,\"valueName\":\"search_term_string\"}}],\"inLanguage\":\"es\"},{\"@type\":\"Organization\",\"@id\":\"https:\/\/whsrn.org\/es\/#organization\",\"name\":\"Western Hemisphere Shorebird Reserve Network\",\"url\":\"https:\/\/whsrn.org\/es\/\",\"logo\":{\"@type\":\"ImageObject\",\"inLanguage\":\"es\",\"@id\":\"https:\/\/whsrn.org\/es\/#\/schema\/logo\/image\/\",\"url\":\"https:\/\/whsrn.org\/wp-content\/uploads\/2021\/01\/whsrn_nostrapline_square.png\",\"contentUrl\":\"https:\/\/whsrn.org\/wp-content\/uploads\/2021\/01\/whsrn_nostrapline_square.png\",\"width\":800,\"height\":800,\"caption\":\"Western Hemisphere Shorebird Reserve Network\"},\"image\":{\"@id\":\"https:\/\/whsrn.org\/es\/#\/schema\/logo\/image\/\"},\"sameAs\":[\"https:\/\/www.facebook.com\/WHSRN\",\"https:\/\/x.com\/WHSRN\",\"https:\/\/www.youtube.com\/channel\/UCDMz2oCsiK8e03UxFhHhdEA\"]},{\"@type\":\"Person\",\"@id\":\"https:\/\/whsrn.org\/es\/#\/schema\/person\/75add39c65cc6f06d2fa2b1f1787f59a\",\"name\":\"Salvadora Morales\",\"image\":{\"@type\":\"ImageObject\",\"inLanguage\":\"es\",\"@id\":\"https:\/\/secure.gravatar.com\/avatar\/7c6158660c3cfc5457bdf89c9ad4612a6ad9abf61de2b549b4b58f05cfb27c30?s=96&d=mm&r=g\",\"url\":\"https:\/\/secure.gravatar.com\/avatar\/7c6158660c3cfc5457bdf89c9ad4612a6ad9abf61de2b549b4b58f05cfb27c30?s=96&d=mm&r=g\",\"contentUrl\":\"https:\/\/secure.gravatar.com\/avatar\/7c6158660c3cfc5457bdf89c9ad4612a6ad9abf61de2b549b4b58f05cfb27c30?s=96&d=mm&r=g\",\"caption\":\"Salvadora Morales\"},\"url\":\"https:\/\/whsrn.org\/es\/author\/smoraleswhsrn\/\"}]}<\/script>\n<!-- \/ Yoast SEO plugin. -->","yoast_head_json":{"title":"Diez a\u00f1os Contando Aves Playeras Migratorias en la Ruta Migratoria del Pac\u00edfico","robots":{"index":"index","follow":"follow","max-snippet":"max-snippet:-1","max-image-preview":"max-image-preview:large","max-video-preview":"max-video-preview:-1"},"canonical":"https:\/\/whsrn.org\/es\/diez-anos-contando-aves-playeras-migratorias-en-la-ruta-migratoria-del-pacifico\/","og_locale":"es_ES","og_type":"article","og_title":"Diez a\u00f1os Contando Aves Playeras Migratorias en la Ruta Migratoria del Pac\u00edfico","og_description":"[vc_row css=&#8221;.vc_custom_1537359740219{margin-top: 0px !important;padding-top: 0px !important;}&#8221;][vc_column css=&#8221;.vc_custom_1537371217000{margin-top: 0px !important;padding-top: 0px !important;}&#8221;][mk_padding_divider size=&#8221;20&#8243;][vc_column_text margin_bottom=&#8221;20&#8243; css=&#8221;.vc_custom_1639719545328{margin-top: 0px !important;margin-bottom: 0px !important;padding-top: 0px !important;}&#8221;]\u00danase al conteo anual del Proyecto de Aves Playeras Migratorias Empezamos la cuenta regresiva para el pr\u00f3ximo conteo del Proyecto de Aves Playeras Migratorias (MSP por sus siglas en ingl\u00e9s), este a\u00f1o algunos de los socios [&hellip;]","og_url":"https:\/\/whsrn.org\/es\/diez-anos-contando-aves-playeras-migratorias-en-la-ruta-migratoria-del-pacifico\/","og_site_name":"WHSRN","article_publisher":"https:\/\/www.facebook.com\/WHSRN","article_published_time":"2021-12-16T05:00:31+00:00","article_modified_time":"2021-12-17T06:16:42+00:00","og_image":[{"width":1680,"height":775,"url":"https:\/\/whsrn.org\/wp-content\/uploads\/2021\/12\/msp21_featured_costarica.jpg","type":"image\/jpeg"}],"author":"Salvadora Morales","twitter_card":"summary_large_image","twitter_creator":"@WHSRN","twitter_site":"@WHSRN","twitter_misc":{"Escrito por":"Salvadora Morales","Tiempo de lectura":"4 minutos"},"schema":{"@context":"https:\/\/schema.org","@graph":[{"@type":"Article","@id":"https:\/\/whsrn.org\/es\/diez-anos-contando-aves-playeras-migratorias-en-la-ruta-migratoria-del-pacifico\/#article","isPartOf":{"@id":"https:\/\/whsrn.org\/es\/diez-anos-contando-aves-playeras-migratorias-en-la-ruta-migratoria-del-pacifico\/"},"author":{"name":"Salvadora Morales","@id":"https:\/\/whsrn.org\/es\/#\/schema\/person\/75add39c65cc6f06d2fa2b1f1787f59a"},"headline":"Diez a\u00f1os Contando Aves Playeras Migratorias en la Ruta Migratoria del Pac\u00edfico","datePublished":"2021-12-16T05:00:31+00:00","dateModified":"2021-12-17T06:16:42+00:00","mainEntityOfPage":{"@id":"https:\/\/whsrn.org\/es\/diez-anos-contando-aves-playeras-migratorias-en-la-ruta-migratoria-del-pacifico\/"},"wordCount":1294,"commentCount":0,"publisher":{"@id":"https:\/\/whsrn.org\/es\/#organization"},"image":{"@id":"https:\/\/whsrn.org\/es\/diez-anos-contando-aves-playeras-migratorias-en-la-ruta-migratoria-del-pacifico\/#primaryimage"},"thumbnailUrl":"https:\/\/whsrn.org\/wp-content\/uploads\/2021\/12\/msp21_featured_costarica.jpg","articleSection":["Monitoreo de Poblaciones","Uncategorized","WHSRN"],"inLanguage":"es","potentialAction":[{"@type":"CommentAction","name":"Comment","target":["https:\/\/whsrn.org\/es\/diez-anos-contando-aves-playeras-migratorias-en-la-ruta-migratoria-del-pacifico\/#respond"]}]},{"@type":"WebPage","@id":"https:\/\/whsrn.org\/es\/diez-anos-contando-aves-playeras-migratorias-en-la-ruta-migratoria-del-pacifico\/","url":"https:\/\/whsrn.org\/es\/diez-anos-contando-aves-playeras-migratorias-en-la-ruta-migratoria-del-pacifico\/","name":"Diez a\u00f1os Contando Aves Playeras Migratorias en la Ruta Migratoria del Pac\u00edfico","isPartOf":{"@id":"https:\/\/whsrn.org\/es\/#website"},"primaryImageOfPage":{"@id":"https:\/\/whsrn.org\/es\/diez-anos-contando-aves-playeras-migratorias-en-la-ruta-migratoria-del-pacifico\/#primaryimage"},"image":{"@id":"https:\/\/whsrn.org\/es\/diez-anos-contando-aves-playeras-migratorias-en-la-ruta-migratoria-del-pacifico\/#primaryimage"},"thumbnailUrl":"https:\/\/whsrn.org\/wp-content\/uploads\/2021\/12\/msp21_featured_costarica.jpg","datePublished":"2021-12-16T05:00:31+00:00","dateModified":"2021-12-17T06:16:42+00:00","breadcrumb":{"@id":"https:\/\/whsrn.org\/es\/diez-anos-contando-aves-playeras-migratorias-en-la-ruta-migratoria-del-pacifico\/#breadcrumb"},"inLanguage":"es","potentialAction":[{"@type":"ReadAction","target":["https:\/\/whsrn.org\/es\/diez-anos-contando-aves-playeras-migratorias-en-la-ruta-migratoria-del-pacifico\/"]}]},{"@type":"ImageObject","inLanguage":"es","@id":"https:\/\/whsrn.org\/es\/diez-anos-contando-aves-playeras-migratorias-en-la-ruta-migratoria-del-pacifico\/#primaryimage","url":"https:\/\/whsrn.org\/wp-content\/uploads\/2021\/12\/msp21_featured_costarica.jpg","contentUrl":"https:\/\/whsrn.org\/wp-content\/uploads\/2021\/12\/msp21_featured_costarica.jpg","width":1680,"height":775},{"@type":"BreadcrumbList","@id":"https:\/\/whsrn.org\/es\/diez-anos-contando-aves-playeras-migratorias-en-la-ruta-migratoria-del-pacifico\/#breadcrumb","itemListElement":[{"@type":"ListItem","position":1,"name":"Home","item":"https:\/\/whsrn.org\/es\/"},{"@type":"ListItem","position":2,"name":"Diez a\u00f1os Contando Aves Playeras Migratorias en la Ruta Migratoria del Pac\u00edfico"}]},{"@type":"WebSite","@id":"https:\/\/whsrn.org\/es\/#website","url":"https:\/\/whsrn.org\/es\/","name":"WHSRN","description":"Western Hemisphere Shorebird Reserve Network","publisher":{"@id":"https:\/\/whsrn.org\/es\/#organization"},"potentialAction":[{"@type":"SearchAction","target":{"@type":"EntryPoint","urlTemplate":"https:\/\/whsrn.org\/es\/?s={search_term_string}"},"query-input":{"@type":"PropertyValueSpecification","valueRequired":true,"valueName":"search_term_string"}}],"inLanguage":"es"},{"@type":"Organization","@id":"https:\/\/whsrn.org\/es\/#organization","name":"Western Hemisphere Shorebird Reserve Network","url":"https:\/\/whsrn.org\/es\/","logo":{"@type":"ImageObject","inLanguage":"es","@id":"https:\/\/whsrn.org\/es\/#\/schema\/logo\/image\/","url":"https:\/\/whsrn.org\/wp-content\/uploads\/2021\/01\/whsrn_nostrapline_square.png","contentUrl":"https:\/\/whsrn.org\/wp-content\/uploads\/2021\/01\/whsrn_nostrapline_square.png","width":800,"height":800,"caption":"Western Hemisphere Shorebird Reserve Network"},"image":{"@id":"https:\/\/whsrn.org\/es\/#\/schema\/logo\/image\/"},"sameAs":["https:\/\/www.facebook.com\/WHSRN","https:\/\/x.com\/WHSRN","https:\/\/www.youtube.com\/channel\/UCDMz2oCsiK8e03UxFhHhdEA"]},{"@type":"Person","@id":"https:\/\/whsrn.org\/es\/#\/schema\/person\/75add39c65cc6f06d2fa2b1f1787f59a","name":"Salvadora Morales","image":{"@type":"ImageObject","inLanguage":"es","@id":"https:\/\/secure.gravatar.com\/avatar\/7c6158660c3cfc5457bdf89c9ad4612a6ad9abf61de2b549b4b58f05cfb27c30?s=96&d=mm&r=g","url":"https:\/\/secure.gravatar.com\/avatar\/7c6158660c3cfc5457bdf89c9ad4612a6ad9abf61de2b549b4b58f05cfb27c30?s=96&d=mm&r=g","contentUrl":"https:\/\/secure.gravatar.com\/avatar\/7c6158660c3cfc5457bdf89c9ad4612a6ad9abf61de2b549b4b58f05cfb27c30?s=96&d=mm&r=g","caption":"Salvadora Morales"},"url":"https:\/\/whsrn.org\/es\/author\/smoraleswhsrn\/"}]}},"_links":{"self":[{"href":"https:\/\/whsrn.org\/es\/wp-json\/wp\/v2\/posts\/16655","targetHints":{"allow":["GET"]}}],"collection":[{"href":"https:\/\/whsrn.org\/es\/wp-json\/wp\/v2\/posts"}],"about":[{"href":"https:\/\/whsrn.org\/es\/wp-json\/wp\/v2\/types\/post"}],"author":[{"embeddable":true,"href":"https:\/\/whsrn.org\/es\/wp-json\/wp\/v2\/users\/13"}],"replies":[{"embeddable":true,"href":"https:\/\/whsrn.org\/es\/wp-json\/wp\/v2\/comments?post=16655"}],"version-history":[{"count":6,"href":"https:\/\/whsrn.org\/es\/wp-json\/wp\/v2\/posts\/16655\/revisions"}],"predecessor-version":[{"id":16671,"href":"https:\/\/whsrn.org\/es\/wp-json\/wp\/v2\/posts\/16655\/revisions\/16671"}],"wp:featuredmedia":[{"embeddable":true,"href":"https:\/\/whsrn.org\/es\/wp-json\/wp\/v2\/media\/16627"}],"wp:attachment":[{"href":"https:\/\/whsrn.org\/es\/wp-json\/wp\/v2\/media?parent=16655"}],"wp:term":[{"taxonomy":"category","embeddable":true,"href":"https:\/\/whsrn.org\/es\/wp-json\/wp\/v2\/categories?post=16655"},{"taxonomy":"post_tag","embeddable":true,"href":"https:\/\/whsrn.org\/es\/wp-json\/wp\/v2\/tags?post=16655"}],"curies":[{"name":"wp","href":"https:\/\/api.w.org\/{rel}","templated":true}]}}