{"id":15700,"date":"2021-07-30T04:34:49","date_gmt":"2021-07-30T04:34:49","guid":{"rendered":"https:\/\/whsrn.org\/conservando-la-reserva-costa-atlantica-de-tierra-del-fuego-argentina\/"},"modified":"2021-08-02T02:10:23","modified_gmt":"2021-08-02T02:10:23","slug":"conservando-la-reserva-costa-atlantica-de-tierra-del-fuego","status":"publish","type":"post","link":"https:\/\/whsrn.org\/es\/conservando-la-reserva-costa-atlantica-de-tierra-del-fuego\/","title":{"rendered":"Conservando la Reserva Costa Atl\u00e1ntica de Tierra del Fuego, Argentina."},"content":{"rendered":"[vc_row css=&#8221;.vc_custom_1537359740219{margin-top: 0px !important;padding-top: 0px !important;}&#8221;][vc_column css=&#8221;.vc_custom_1537371217000{margin-top: 0px !important;padding-top: 0px !important;}&#8221;][mk_fancy_title tag_name=&#8221;span&#8221; color=&#8221;#53565a&#8221; size=&#8221;12&#8243; font_weight=&#8221;bold&#8221; margin_bottom=&#8221;0&#8243; font_family=&#8221;none&#8221; align=&#8221;center&#8221;]\n<div id=\"comp-jjabhjs7\" class=\"txtNew\" data-packed=\"true\">\n<div id=\"comp-jhgnp0bn\" class=\"txtNew\" data-packed=\"false\" data-min-height=\"17\">\n<div id=\"comp-jlcre5hu\" class=\"txtNew\" data-packed=\"false\" data-min-height=\"17\">\n<p class=\"font_9\" style=\"text-align: center;\"><strong>Por Tabar\u00e9 Barreto &#8211; Ambiente Sur<\/strong><\/p>\n<\/div>\n<\/div>\n<\/div>\n[\/mk_fancy_title][mk_padding_divider size=&#8221;20&#8243;][vc_column_text margin_bottom=&#8221;20&#8243; css=&#8221;.vc_custom_1627703288236{margin-top: 0px !important;margin-bottom: 0px !important;padding-top: 0px !important;}&#8221;]En 1992 la Reserva Costa Atl\u00e1ntica de Tierra del Fuego fue designada como Sitio de Importancia Hemisf\u00e9rica de la Red Hemisf\u00e9rica de Reservas para Aves Playeras (RHRAP \u2013 WHSRN por su sigla en ingl\u00e9s), gracias al trabajo coordinado del gobierno de la Provincia de Tierra del Fuego y el Municipio de la Ciudad de R\u00edo Grande, en Argentina. El sitio alberga altos n\u00fameros de Becasa de Mar (Limosa haemastica), Playerito Rabadilla Blanca (<em>Calidris fuscicollis<\/em>) y Chorlito Doble Collar (<em>Charadrius falklandicus<\/em>), adem\u00e1s del Playero Rojizo (<em>C. canutus rufa<\/em>) y otras aves playeras migratorias que cada a\u00f1o llegan desde el \u00e1rtico canadiense y otras provincias de Argentina.<\/p>\n<p>La Reserva Costa Atl\u00e1ntica de Tierra del Fuego tiene unos 220 kil\u00f3metros de costa con amplias playas y acantilados, destac\u00e1ndose en toda esa extensi\u00f3n tres lugares de reconocida importancia para las aves playeras migratorias: Bah\u00eda San Sebasti\u00e1n, la ciudad de R\u00edo Grande y el Cabo Auricosta.[\/vc_column_text][\/vc_column][\/vc_row][mk_page_section min_height=&#8221;1&#8243; padding_bottom=&#8221;0&#8243; sidebar=&#8221;sidebar-1&#8243;][vc_column width=&#8221;1\/6&#8243;][\/vc_column][vc_column width=&#8221;2\/3&#8243;][mk_image src=&#8221;https:\/\/whsrn.org\/wp-content\/uploads\/2021\/07\/catdf_map.jpg&#8221; image_size=&#8221;full&#8221; lightbox=&#8221;true&#8221; hover_image_overlay=&#8221;false&#8221;][mk_fancy_title tag_name=&#8221;span&#8221; color=&#8221;#53565a&#8221; size=&#8221;12&#8243; font_weight=&#8221;bold&#8221; margin_bottom=&#8221;0&#8243; font_family=&#8221;none&#8221; align=&#8221;center&#8221;]\nExtensi\u00f3n de la Reserva Costa Atl\u00e1ntica de Tierra del Fuego (color naranja) y tres zonas de mayor abundancia de aves playeras migratorias.<br \/>\n[\/mk_fancy_title][\/vc_column][vc_column width=&#8221;1\/6&#8243;][\/vc_column][\/mk_page_section][vc_row][vc_column][mk_padding_divider size=&#8221;20&#8243;][vc_column_text margin_bottom=&#8221;20&#8243; css=&#8221;.vc_custom_1627703417510{margin-bottom: 0px !important;}&#8221;]La Reserva Costa Atl\u00e1ntica de Tierra del Fuego es administrada por la Direcci\u00f3n General de Conservaci\u00f3n y Biodiversidad, dependiente de la Secretar\u00eda de Ambiente de la Provincia de Tierra del Fuego. El Municipio de R\u00edo Grande es tambi\u00e9n un socio estrat\u00e9gico de la reserva, ya que la ciudad est\u00e1 contigua a los l\u00edmites del \u00c1rea Natural Protegida y ocupa uno de los espacios con mayor abundancia de aves playeras. Adem\u00e1s, uno de los logros recientes del proceso de conservaci\u00f3n del sitio ha sido la creaci\u00f3n de una Mesa T\u00e9cnica Asesora que re\u00fane a varias instituciones gubernamentales, educativas y civiles que se interesan por el manejo del \u00e1rea protegida y que brindan orientaci\u00f3n para abordar las distintas problem\u00e1ticas del sitio a trav\u00e9s de buena gobernanza y manejo.<\/p>\n<p>En los \u00faltimos 30 a\u00f1os la ciudad de R\u00edo Grande ha tenido una explosi\u00f3n demogr\u00e1fica bastante alta, aumentando desde unos 15.000 habitantes a unos 100.000. El crecimiento sostenido de la ciudad ha significado impactos para las aves playeras y sus habitats. Afectando principalmente sus sitios de descanso, invadidos por construcciones muy cercanas a la costa y por actividades recreativas de los vecinos que al pasear a sus perros o realizar caminatas de ejercicio, sin saberlo, perturban a las aves en sus momentos de alimentaci\u00f3n o provocan el vuelo de las bandadas. Otra situaci\u00f3n que ha llamado la atenci\u00f3n de los involucrados en la conservaci\u00f3n del sitio, ha sido la disminuci\u00f3n de la poblaci\u00f3n del Playero Rojizo experimentada a nivel local, que pas\u00f3 de 5.000 aves en 1979 a tan solo 130 individuos en esta \u00faltima temporada de censos.<\/p>\n<p>Afortunadamente este panorama desalentador se ha compensado con las constantes acciones comprometidas de los socios y otras instituciones locales que colaboran en la conservaci\u00f3n, realizando censos de aves, salidas de observaci\u00f3n para escuelas, programas de participaci\u00f3n comunitaria y un Festival de Aves que ya lleva 12 a\u00f1os.<\/p>\n<p>Entre 2019 y 2020, gracias al trabajo conjunto con la RHRAP (WHSRN), se implementaron un monitoreo de disturbios a las aves playeras y una encuesta de percepci\u00f3n de los visitantes al sitio. Estos trabajos, realizados por la Asociaci\u00f3n Ambiente Sur y la Fundaci\u00f3n Estepa Viva, permitieron entender mejor los diferentes aspectos de las problem\u00e1ticas que afectan a las aves durante su estad\u00eda en el verano austral en el sitio (octubre a marzo de cada a\u00f1o).<\/p>\n<p>Se concluy\u00f3 que el principal disturbio que afecta a las aves durante su momento de descanso son las personas que salen a caminar por la playa y que no cambian su recorrido al encontrar una bandada en reposo. As\u00ed, en las respuestas se evidencia que m\u00e1s de la mitad de las personas cree que las aves pueden volar e irse a un lugar m\u00e1s seguro si quieren y por lo tanto su presencia no las afecta. Tambi\u00e9n se identific\u00f3 la presencia de perros sueltos acompa\u00f1ados de sus due\u00f1os como otro factor de disturbio muy cercano en magnitud al primero. Luego, en menor intensidad, se encontr\u00f3 a los pescadores como causantes de algunas molestias y con un registro muy bajo la circulaci\u00f3n de motos o cuatriciclos por la playa.[\/vc_column_text][\/vc_column][\/vc_row][mk_page_section min_height=&#8221;1&#8243; padding_bottom=&#8221;0&#8243; sidebar=&#8221;sidebar-1&#8243;][vc_column width=&#8221;1\/6&#8243;][\/vc_column][vc_column width=&#8221;2\/3&#8243;][mk_image src=&#8221;https:\/\/whsrn.org\/wp-content\/uploads\/2021\/07\/catdf_graph_spa.jpg&#8221; image_size=&#8221;full&#8221;][\/vc_column][vc_column width=&#8221;1\/6&#8243;][\/vc_column][\/mk_page_section][vc_row][vc_column][mk_padding_divider size=&#8221;20&#8243;][vc_column_text margin_bottom=&#8221;20&#8243; css=&#8221;.vc_custom_1627703542509{margin-bottom: 0px !important;}&#8221;]Con base en los resultados de estas mediciones y las encuestas, en el \u00faltimo a\u00f1o se implement\u00f3 la campa\u00f1a \u201cCompartamos la playa fueguina\u201d (<a href=\"http:\/\/www.compartamoslaplayafueguina.com.ar\">www.compartamoslaplayafueguina.com.ar<\/a>). Tambi\u00e9n se realizaron monitoreos de fauna bent\u00f3nica en el \u00e1rea intermareal y sobre la poblaci\u00f3n de aves playeras en la ciudad de R\u00edo Grande y zonas rurales.<\/p>\n<p>Uno de los resultados m\u00e1s relevantes de las acciones de conservaci\u00f3n llevadas desde 2019 es la creaci\u00f3n de una nueva normativa para regular el uso de sitios cr\u00edticos para aves en las playas de la zona urbana. La Secretar\u00eda de Ambiente de la Provincia de Tierra del Fuego, aprob\u00f3 la Resoluci\u00f3n N\u00ba 119-21 por la cual se declaran como \u201c<em>sitios sensibles para las aves playeras migratorias<\/em>\u201d tres playas aleda\u00f1as a la desembocadura del r\u00edo Grande, que conforman aproximadamente 5 kil\u00f3metros lineales de costa. Esta normativa, busca restringir el acceso de personas y sus mascotas en sitios y momentos clave para el descanso y alimentaci\u00f3n de las aves playeras<\/p>\n<p>Esta resoluci\u00f3n entrar\u00e1 en vigencia el 1 de octubre pr\u00f3ximo. Uno de los desaf\u00edos ser\u00e1 poder llegar a la comunidad de R\u00edo Grande con un mensaje claro que no confunda la protecci\u00f3n de la biodiversidad con las restricciones a las libertades personales. Sino con un enfoque en \u00a0c\u00f3mo nos relacionamos con la naturaleza y el \u201caprender a compartir\u201d.[\/vc_column_text][\/vc_column][\/vc_row][mk_page_section min_height=&#8221;1&#8243; padding_bottom=&#8221;0&#8243; sidebar=&#8221;sidebar-1&#8243;][vc_column width=&#8221;1\/6&#8243;][\/vc_column][vc_column width=&#8221;2\/3&#8243;][mk_image src=&#8221;https:\/\/whsrn.org\/wp-content\/uploads\/2021\/07\/catdf_campaign.jpg&#8221; image_size=&#8221;full&#8221;][\/vc_column][vc_column width=&#8221;1\/6&#8243;][\/vc_column][\/mk_page_section][vc_row][vc_column][mk_padding_divider size=&#8221;20&#8243;][vc_column_text margin_bottom=&#8221;20&#8243; css=&#8221;.vc_custom_1627865576664{margin-bottom: 0px !important;}&#8221;]<em>Estas actividades hacen parte del proyecto \u201cConservando Aves Playeras en dos Sitios RHRAP de Argentina\u201d, en el marco de la iniciativa <\/em><a href=\"https:\/\/www.manomet.org\/project\/coalitions-for-shorebird-conservation\/\"><em>Coaliciones para la Conservaci\u00f3n de las Aves Playeras,<\/em><\/a> fue posible gracias a\u00a0<em>BAND Foundation, Bobolink Foundation, y National Fish and Wildlife Foundation. <\/em><em>Este proyecto cuenta con la participaci\u00f3n de socios locales como la Secretar\u00eda de Ambiente de la Provincia de Tierra del Fuego y el Municipio de R\u00edo Grande, y es coordinado por la Asociaci\u00f3n Ambiente Sur con la participaci\u00f3n de Fundaci\u00f3n Estepa Viva<\/em>.<\/p>\n<p>Para mayor informaci\u00f3n comunicarse con Tabar\u00e9 Barreto, Coordinador Local de Proyecto, de la Asociaci\u00f3n Ambiente Sur, al correo <a href=\"mailto:tierradelfuego@ambientesur.org.ar\" target=\"_blank\" rel=\"noopener\">tierradelfuego@ambientesur.org.ar<\/a>.[\/vc_column_text][\/vc_column][\/vc_row][vc_row][vc_column][mk_fancy_title tag_name=&#8221;span&#8221; color=&#8221;#3d4045&#8243; size=&#8221;12&#8243; font_weight=&#8221;400&#8243; font_family=&#8221;none&#8221;]<strong>Foto de Portada: Becasas de Mar (<em>Limosa haemastica<\/em>) en Bah\u00eda San Sebasti\u00e1n. <em>Foto: Luis Benegas.<\/em><\/strong>[\/mk_fancy_title][\/vc_column][\/vc_row]\n","protected":false},"excerpt":{"rendered":"<p>En 1992 la Reserva Costa Atl\u00e1ntica de Tierra del Fuego fue designada como Sitio de Importancia Hemisf\u00e9rica en la RHRAP \/ WHSRN. Desde su designaci\u00f3n la reserva ha cambiado bastante. Socios en el sitio trabajan continuamente de forma colaborativa para proteger este sitio tan importante, a trav\u00e9s el monitoreo de disturbios a las aves playeras, censos de aves e implementando estrategias para el manejo participativo y la buena gobernanza.<\/p>\n","protected":false},"author":20,"featured_media":15683,"comment_status":"open","ping_status":"open","sticky":false,"template":"","format":"standard","meta":{"nf_dc_page":"","footnotes":""},"categories":[75,78,246],"tags":[],"class_list":["post-15700","post","type-post","status-publish","format-standard","has-post-thumbnail","hentry","category-conservacion-en-accion","category-noticias-de-los-sitios","category-sitio-destacado-del-mes"],"yoast_head":"<!-- This site is optimized with the Yoast SEO plugin v27.2 - https:\/\/yoast.com\/product\/yoast-seo-wordpress\/ -->\n<title>Conservando la Reserva Costa Atl\u00e1ntica de Tierra del Fuego, Argentina.<\/title>\n<meta name=\"robots\" content=\"index, follow, max-snippet:-1, max-image-preview:large, max-video-preview:-1\" \/>\n<link rel=\"canonical\" href=\"https:\/\/whsrn.org\/es\/conservando-la-reserva-costa-atlantica-de-tierra-del-fuego\/\" \/>\n<meta property=\"og:locale\" content=\"es_ES\" \/>\n<meta property=\"og:type\" content=\"article\" \/>\n<meta property=\"og:title\" content=\"Conservando la Reserva Costa Atl\u00e1ntica de Tierra del Fuego, Argentina.\" \/>\n<meta property=\"og:description\" content=\"En 1992 la Reserva Costa Atl\u00e1ntica de Tierra del Fuego fue designada como Sitio de Importancia Hemisf\u00e9rica en la RHRAP \/ WHSRN. Desde su designaci\u00f3n la reserva ha cambiado bastante. Socios en el sitio trabajan continuamente de forma colaborativa para proteger este sitio tan importante, a trav\u00e9s el monitoreo de disturbios a las aves playeras, censos de aves e implementando estrategias para el manejo participativo y la buena gobernanza.\" \/>\n<meta property=\"og:url\" content=\"https:\/\/whsrn.org\/es\/conservando-la-reserva-costa-atlantica-de-tierra-del-fuego\/\" \/>\n<meta property=\"og:site_name\" content=\"WHSRN\" \/>\n<meta property=\"article:publisher\" content=\"https:\/\/www.facebook.com\/WHSRN\" \/>\n<meta property=\"article:published_time\" content=\"2021-07-30T04:34:49+00:00\" \/>\n<meta property=\"article:modified_time\" content=\"2021-08-02T02:10:23+00:00\" \/>\n<meta property=\"og:image\" content=\"https:\/\/whsrn.org\/wp-content\/uploads\/2021\/07\/catdf_featured.jpg\" \/>\n\t<meta property=\"og:image:width\" content=\"1680\" \/>\n\t<meta property=\"og:image:height\" content=\"775\" \/>\n\t<meta property=\"og:image:type\" content=\"image\/jpeg\" \/>\n<meta name=\"author\" content=\"Guest Author\" \/>\n<meta name=\"twitter:card\" content=\"summary_large_image\" \/>\n<meta name=\"twitter:creator\" content=\"@WHSRN\" \/>\n<meta name=\"twitter:site\" content=\"@WHSRN\" \/>\n<meta name=\"twitter:label1\" content=\"Escrito por\" \/>\n\t<meta name=\"twitter:data1\" content=\"Autor Invitado\" \/>\n\t<meta name=\"twitter:label2\" content=\"Tiempo de lectura\" \/>\n\t<meta name=\"twitter:data2\" content=\"5 minutos\" \/>\n<script type=\"application\/ld+json\" class=\"yoast-schema-graph\">{\"@context\":\"https:\/\/schema.org\",\"@graph\":[{\"@type\":\"Article\",\"@id\":\"https:\/\/whsrn.org\/es\/conservando-la-reserva-costa-atlantica-de-tierra-del-fuego\/#article\",\"isPartOf\":{\"@id\":\"https:\/\/whsrn.org\/es\/conservando-la-reserva-costa-atlantica-de-tierra-del-fuego\/\"},\"author\":{\"name\":\"Guest Author\",\"@id\":\"https:\/\/whsrn.org\/es\/#\/schema\/person\/99cbcafd1a567d9e50eed8268171f392\"},\"headline\":\"Conservando la Reserva Costa Atl\u00e1ntica de Tierra del Fuego, Argentina.\",\"datePublished\":\"2021-07-30T04:34:49+00:00\",\"dateModified\":\"2021-08-02T02:10:23+00:00\",\"mainEntityOfPage\":{\"@id\":\"https:\/\/whsrn.org\/es\/conservando-la-reserva-costa-atlantica-de-tierra-del-fuego\/\"},\"wordCount\":1450,\"commentCount\":0,\"publisher\":{\"@id\":\"https:\/\/whsrn.org\/es\/#organization\"},\"image\":{\"@id\":\"https:\/\/whsrn.org\/es\/conservando-la-reserva-costa-atlantica-de-tierra-del-fuego\/#primaryimage\"},\"thumbnailUrl\":\"https:\/\/whsrn.org\/wp-content\/uploads\/2021\/07\/catdf_featured.jpg\",\"articleSection\":[\"Conservaci\u00f3n en Acci\u00f3n\",\"Noticias de los Sitios\",\"Sitio destacado del mes\"],\"inLanguage\":\"es\",\"potentialAction\":[{\"@type\":\"CommentAction\",\"name\":\"Comment\",\"target\":[\"https:\/\/whsrn.org\/es\/conservando-la-reserva-costa-atlantica-de-tierra-del-fuego\/#respond\"]}]},{\"@type\":\"WebPage\",\"@id\":\"https:\/\/whsrn.org\/es\/conservando-la-reserva-costa-atlantica-de-tierra-del-fuego\/\",\"url\":\"https:\/\/whsrn.org\/es\/conservando-la-reserva-costa-atlantica-de-tierra-del-fuego\/\",\"name\":\"Conservando la Reserva Costa Atl\u00e1ntica de Tierra del Fuego, Argentina.\",\"isPartOf\":{\"@id\":\"https:\/\/whsrn.org\/es\/#website\"},\"primaryImageOfPage\":{\"@id\":\"https:\/\/whsrn.org\/es\/conservando-la-reserva-costa-atlantica-de-tierra-del-fuego\/#primaryimage\"},\"image\":{\"@id\":\"https:\/\/whsrn.org\/es\/conservando-la-reserva-costa-atlantica-de-tierra-del-fuego\/#primaryimage\"},\"thumbnailUrl\":\"https:\/\/whsrn.org\/wp-content\/uploads\/2021\/07\/catdf_featured.jpg\",\"datePublished\":\"2021-07-30T04:34:49+00:00\",\"dateModified\":\"2021-08-02T02:10:23+00:00\",\"breadcrumb\":{\"@id\":\"https:\/\/whsrn.org\/es\/conservando-la-reserva-costa-atlantica-de-tierra-del-fuego\/#breadcrumb\"},\"inLanguage\":\"es\",\"potentialAction\":[{\"@type\":\"ReadAction\",\"target\":[\"https:\/\/whsrn.org\/es\/conservando-la-reserva-costa-atlantica-de-tierra-del-fuego\/\"]}]},{\"@type\":\"ImageObject\",\"inLanguage\":\"es\",\"@id\":\"https:\/\/whsrn.org\/es\/conservando-la-reserva-costa-atlantica-de-tierra-del-fuego\/#primaryimage\",\"url\":\"https:\/\/whsrn.org\/wp-content\/uploads\/2021\/07\/catdf_featured.jpg\",\"contentUrl\":\"https:\/\/whsrn.org\/wp-content\/uploads\/2021\/07\/catdf_featured.jpg\",\"width\":1680,\"height\":775},{\"@type\":\"BreadcrumbList\",\"@id\":\"https:\/\/whsrn.org\/es\/conservando-la-reserva-costa-atlantica-de-tierra-del-fuego\/#breadcrumb\",\"itemListElement\":[{\"@type\":\"ListItem\",\"position\":1,\"name\":\"Home\",\"item\":\"https:\/\/whsrn.org\/es\/\"},{\"@type\":\"ListItem\",\"position\":2,\"name\":\"Conservando la Reserva Costa Atl\u00e1ntica de Tierra del Fuego, Argentina.\"}]},{\"@type\":\"WebSite\",\"@id\":\"https:\/\/whsrn.org\/es\/#website\",\"url\":\"https:\/\/whsrn.org\/es\/\",\"name\":\"WHSRN\",\"description\":\"Western Hemisphere Shorebird Reserve Network\",\"publisher\":{\"@id\":\"https:\/\/whsrn.org\/es\/#organization\"},\"potentialAction\":[{\"@type\":\"SearchAction\",\"target\":{\"@type\":\"EntryPoint\",\"urlTemplate\":\"https:\/\/whsrn.org\/es\/?s={search_term_string}\"},\"query-input\":{\"@type\":\"PropertyValueSpecification\",\"valueRequired\":true,\"valueName\":\"search_term_string\"}}],\"inLanguage\":\"es\"},{\"@type\":\"Organization\",\"@id\":\"https:\/\/whsrn.org\/es\/#organization\",\"name\":\"Western Hemisphere Shorebird Reserve Network\",\"url\":\"https:\/\/whsrn.org\/es\/\",\"logo\":{\"@type\":\"ImageObject\",\"inLanguage\":\"es\",\"@id\":\"https:\/\/whsrn.org\/es\/#\/schema\/logo\/image\/\",\"url\":\"https:\/\/whsrn.org\/wp-content\/uploads\/2021\/01\/whsrn_nostrapline_square.png\",\"contentUrl\":\"https:\/\/whsrn.org\/wp-content\/uploads\/2021\/01\/whsrn_nostrapline_square.png\",\"width\":800,\"height\":800,\"caption\":\"Western Hemisphere Shorebird Reserve Network\"},\"image\":{\"@id\":\"https:\/\/whsrn.org\/es\/#\/schema\/logo\/image\/\"},\"sameAs\":[\"https:\/\/www.facebook.com\/WHSRN\",\"https:\/\/x.com\/WHSRN\",\"https:\/\/www.youtube.com\/channel\/UCDMz2oCsiK8e03UxFhHhdEA\"]},{\"@type\":\"Person\",\"@id\":\"https:\/\/whsrn.org\/es\/#\/schema\/person\/99cbcafd1a567d9e50eed8268171f392\",\"name\":\"Guest Author\",\"image\":{\"@type\":\"ImageObject\",\"inLanguage\":\"es\",\"@id\":\"https:\/\/secure.gravatar.com\/avatar\/ca84b6d3d5b3da7d54ce4d70b9df4e6e90c94b02f10f5339df50afb959a39bef?s=96&d=mm&r=g\",\"url\":\"https:\/\/secure.gravatar.com\/avatar\/ca84b6d3d5b3da7d54ce4d70b9df4e6e90c94b02f10f5339df50afb959a39bef?s=96&d=mm&r=g\",\"contentUrl\":\"https:\/\/secure.gravatar.com\/avatar\/ca84b6d3d5b3da7d54ce4d70b9df4e6e90c94b02f10f5339df50afb959a39bef?s=96&d=mm&r=g\",\"caption\":\"Guest Author\"},\"url\":\"https:\/\/whsrn.org\/es\/author\/guest_author\/\"}]}<\/script>\n<!-- \/ Yoast SEO plugin. -->","yoast_head_json":{"title":"Conservando la Reserva Costa Atl\u00e1ntica de Tierra del Fuego, Argentina.","robots":{"index":"index","follow":"follow","max-snippet":"max-snippet:-1","max-image-preview":"max-image-preview:large","max-video-preview":"max-video-preview:-1"},"canonical":"https:\/\/whsrn.org\/es\/conservando-la-reserva-costa-atlantica-de-tierra-del-fuego\/","og_locale":"es_ES","og_type":"article","og_title":"Conservando la Reserva Costa Atl\u00e1ntica de Tierra del Fuego, Argentina.","og_description":"En 1992 la Reserva Costa Atl\u00e1ntica de Tierra del Fuego fue designada como Sitio de Importancia Hemisf\u00e9rica en la RHRAP \/ WHSRN. Desde su designaci\u00f3n la reserva ha cambiado bastante. Socios en el sitio trabajan continuamente de forma colaborativa para proteger este sitio tan importante, a trav\u00e9s el monitoreo de disturbios a las aves playeras, censos de aves e implementando estrategias para el manejo participativo y la buena gobernanza.","og_url":"https:\/\/whsrn.org\/es\/conservando-la-reserva-costa-atlantica-de-tierra-del-fuego\/","og_site_name":"WHSRN","article_publisher":"https:\/\/www.facebook.com\/WHSRN","article_published_time":"2021-07-30T04:34:49+00:00","article_modified_time":"2021-08-02T02:10:23+00:00","og_image":[{"width":1680,"height":775,"url":"https:\/\/whsrn.org\/wp-content\/uploads\/2021\/07\/catdf_featured.jpg","type":"image\/jpeg"}],"author":"Guest Author","twitter_card":"summary_large_image","twitter_creator":"@WHSRN","twitter_site":"@WHSRN","twitter_misc":{"Escrito por":"Autor Invitado","Tiempo de lectura":"5 minutos"},"schema":{"@context":"https:\/\/schema.org","@graph":[{"@type":"Article","@id":"https:\/\/whsrn.org\/es\/conservando-la-reserva-costa-atlantica-de-tierra-del-fuego\/#article","isPartOf":{"@id":"https:\/\/whsrn.org\/es\/conservando-la-reserva-costa-atlantica-de-tierra-del-fuego\/"},"author":{"name":"Guest Author","@id":"https:\/\/whsrn.org\/es\/#\/schema\/person\/99cbcafd1a567d9e50eed8268171f392"},"headline":"Conservando la Reserva Costa Atl\u00e1ntica de Tierra del Fuego, Argentina.","datePublished":"2021-07-30T04:34:49+00:00","dateModified":"2021-08-02T02:10:23+00:00","mainEntityOfPage":{"@id":"https:\/\/whsrn.org\/es\/conservando-la-reserva-costa-atlantica-de-tierra-del-fuego\/"},"wordCount":1450,"commentCount":0,"publisher":{"@id":"https:\/\/whsrn.org\/es\/#organization"},"image":{"@id":"https:\/\/whsrn.org\/es\/conservando-la-reserva-costa-atlantica-de-tierra-del-fuego\/#primaryimage"},"thumbnailUrl":"https:\/\/whsrn.org\/wp-content\/uploads\/2021\/07\/catdf_featured.jpg","articleSection":["Conservaci\u00f3n en Acci\u00f3n","Noticias de los Sitios","Sitio destacado del mes"],"inLanguage":"es","potentialAction":[{"@type":"CommentAction","name":"Comment","target":["https:\/\/whsrn.org\/es\/conservando-la-reserva-costa-atlantica-de-tierra-del-fuego\/#respond"]}]},{"@type":"WebPage","@id":"https:\/\/whsrn.org\/es\/conservando-la-reserva-costa-atlantica-de-tierra-del-fuego\/","url":"https:\/\/whsrn.org\/es\/conservando-la-reserva-costa-atlantica-de-tierra-del-fuego\/","name":"Conservando la Reserva Costa Atl\u00e1ntica de Tierra del Fuego, Argentina.","isPartOf":{"@id":"https:\/\/whsrn.org\/es\/#website"},"primaryImageOfPage":{"@id":"https:\/\/whsrn.org\/es\/conservando-la-reserva-costa-atlantica-de-tierra-del-fuego\/#primaryimage"},"image":{"@id":"https:\/\/whsrn.org\/es\/conservando-la-reserva-costa-atlantica-de-tierra-del-fuego\/#primaryimage"},"thumbnailUrl":"https:\/\/whsrn.org\/wp-content\/uploads\/2021\/07\/catdf_featured.jpg","datePublished":"2021-07-30T04:34:49+00:00","dateModified":"2021-08-02T02:10:23+00:00","breadcrumb":{"@id":"https:\/\/whsrn.org\/es\/conservando-la-reserva-costa-atlantica-de-tierra-del-fuego\/#breadcrumb"},"inLanguage":"es","potentialAction":[{"@type":"ReadAction","target":["https:\/\/whsrn.org\/es\/conservando-la-reserva-costa-atlantica-de-tierra-del-fuego\/"]}]},{"@type":"ImageObject","inLanguage":"es","@id":"https:\/\/whsrn.org\/es\/conservando-la-reserva-costa-atlantica-de-tierra-del-fuego\/#primaryimage","url":"https:\/\/whsrn.org\/wp-content\/uploads\/2021\/07\/catdf_featured.jpg","contentUrl":"https:\/\/whsrn.org\/wp-content\/uploads\/2021\/07\/catdf_featured.jpg","width":1680,"height":775},{"@type":"BreadcrumbList","@id":"https:\/\/whsrn.org\/es\/conservando-la-reserva-costa-atlantica-de-tierra-del-fuego\/#breadcrumb","itemListElement":[{"@type":"ListItem","position":1,"name":"Home","item":"https:\/\/whsrn.org\/es\/"},{"@type":"ListItem","position":2,"name":"Conservando la Reserva Costa Atl\u00e1ntica de Tierra del Fuego, Argentina."}]},{"@type":"WebSite","@id":"https:\/\/whsrn.org\/es\/#website","url":"https:\/\/whsrn.org\/es\/","name":"WHSRN","description":"Western Hemisphere Shorebird Reserve Network","publisher":{"@id":"https:\/\/whsrn.org\/es\/#organization"},"potentialAction":[{"@type":"SearchAction","target":{"@type":"EntryPoint","urlTemplate":"https:\/\/whsrn.org\/es\/?s={search_term_string}"},"query-input":{"@type":"PropertyValueSpecification","valueRequired":true,"valueName":"search_term_string"}}],"inLanguage":"es"},{"@type":"Organization","@id":"https:\/\/whsrn.org\/es\/#organization","name":"Western Hemisphere Shorebird Reserve Network","url":"https:\/\/whsrn.org\/es\/","logo":{"@type":"ImageObject","inLanguage":"es","@id":"https:\/\/whsrn.org\/es\/#\/schema\/logo\/image\/","url":"https:\/\/whsrn.org\/wp-content\/uploads\/2021\/01\/whsrn_nostrapline_square.png","contentUrl":"https:\/\/whsrn.org\/wp-content\/uploads\/2021\/01\/whsrn_nostrapline_square.png","width":800,"height":800,"caption":"Western Hemisphere Shorebird Reserve Network"},"image":{"@id":"https:\/\/whsrn.org\/es\/#\/schema\/logo\/image\/"},"sameAs":["https:\/\/www.facebook.com\/WHSRN","https:\/\/x.com\/WHSRN","https:\/\/www.youtube.com\/channel\/UCDMz2oCsiK8e03UxFhHhdEA"]},{"@type":"Person","@id":"https:\/\/whsrn.org\/es\/#\/schema\/person\/99cbcafd1a567d9e50eed8268171f392","name":"Guest Author","image":{"@type":"ImageObject","inLanguage":"es","@id":"https:\/\/secure.gravatar.com\/avatar\/ca84b6d3d5b3da7d54ce4d70b9df4e6e90c94b02f10f5339df50afb959a39bef?s=96&d=mm&r=g","url":"https:\/\/secure.gravatar.com\/avatar\/ca84b6d3d5b3da7d54ce4d70b9df4e6e90c94b02f10f5339df50afb959a39bef?s=96&d=mm&r=g","contentUrl":"https:\/\/secure.gravatar.com\/avatar\/ca84b6d3d5b3da7d54ce4d70b9df4e6e90c94b02f10f5339df50afb959a39bef?s=96&d=mm&r=g","caption":"Guest Author"},"url":"https:\/\/whsrn.org\/es\/author\/guest_author\/"}]}},"_links":{"self":[{"href":"https:\/\/whsrn.org\/es\/wp-json\/wp\/v2\/posts\/15700","targetHints":{"allow":["GET"]}}],"collection":[{"href":"https:\/\/whsrn.org\/es\/wp-json\/wp\/v2\/posts"}],"about":[{"href":"https:\/\/whsrn.org\/es\/wp-json\/wp\/v2\/types\/post"}],"author":[{"embeddable":true,"href":"https:\/\/whsrn.org\/es\/wp-json\/wp\/v2\/users\/20"}],"replies":[{"embeddable":true,"href":"https:\/\/whsrn.org\/es\/wp-json\/wp\/v2\/comments?post=15700"}],"version-history":[{"count":14,"href":"https:\/\/whsrn.org\/es\/wp-json\/wp\/v2\/posts\/15700\/revisions"}],"predecessor-version":[{"id":15729,"href":"https:\/\/whsrn.org\/es\/wp-json\/wp\/v2\/posts\/15700\/revisions\/15729"}],"wp:featuredmedia":[{"embeddable":true,"href":"https:\/\/whsrn.org\/es\/wp-json\/wp\/v2\/media\/15683"}],"wp:attachment":[{"href":"https:\/\/whsrn.org\/es\/wp-json\/wp\/v2\/media?parent=15700"}],"wp:term":[{"taxonomy":"category","embeddable":true,"href":"https:\/\/whsrn.org\/es\/wp-json\/wp\/v2\/categories?post=15700"},{"taxonomy":"post_tag","embeddable":true,"href":"https:\/\/whsrn.org\/es\/wp-json\/wp\/v2\/tags?post=15700"}],"curies":[{"name":"wp","href":"https:\/\/api.w.org\/{rel}","templated":true}]}}