{"id":14791,"date":"2021-02-19T05:20:51","date_gmt":"2021-02-19T05:20:51","guid":{"rendered":"https:\/\/whsrn.org\/lago-de-texcoco-un-ecosistema-vital-que-debemos-conservar\/"},"modified":"2021-02-26T17:58:54","modified_gmt":"2021-02-26T17:58:54","slug":"lago-de-texcoco-un-ecosistema-vital-que-debemos-conservar","status":"publish","type":"post","link":"https:\/\/whsrn.org\/es\/lago-de-texcoco-un-ecosistema-vital-que-debemos-conservar\/","title":{"rendered":"Lago de Texcoco: Un Ecosistema Vital que Debemos Conservar"},"content":{"rendered":"[vc_row css=&#8221;.vc_custom_1537359740219{margin-top: 0px !important;padding-top: 0px !important;}&#8221;][vc_column css=&#8221;.vc_custom_1537371217000{margin-top: 0px !important;padding-top: 0px !important;}&#8221;][mk_padding_divider size=&#8221;20&#8243;][vc_column_text margin_bottom=&#8221;20&#8243; css=&#8221;.vc_custom_1614019450790{margin-top: 0px !important;margin-bottom: 0px !important;padding-top: 0px !important;}&#8221;]La Zona Federal Lago de Texcoco (ZFLT), es el \u00faltimo remanente de lo que alguna vez fue el Lago de Texcoco, un complejo sistema de lagos y humedales conectados entre s\u00ed, los cuales cubr\u00edan la mayor parte del Valle de M\u00e9xico. Se encuentra inmerso en la zona conurbada del Valle de M\u00e9xico, en los l\u00edmites de la Ciudad y el Estado de M\u00e9xico. A pesar de que fue drenado hace varias d\u00e9cadas, este sitio aun contiene algunos cuerpos de agua artificiales y amplias zonas temporalmente inundables durante la \u00e9poca de lluvias. Estas charcas y lagos someros brindan refugio y alimento a una gran cantidad de aves playeras y otras acu\u00e1ticas que viajan a trav\u00e9s de la Ruta Migratoria Mid-continental de Am\u00e9rica. Es por ello que desde\u00a0 2007, el Lago de Texcoco fue nombrado un sitio de importancia regional dentro de la Red Hemisf\u00e9rica de Reserva para Aves Playeras (WHSRN por sus siglas en ingl\u00e9s).[\/vc_column_text][\/vc_column][\/vc_row][mk_page_section min_height=&#8221;1&#8243; padding_bottom=&#8221;0&#8243; sidebar=&#8221;sidebar-1&#8243;][vc_column width=&#8221;1\/6&#8243;][\/vc_column][vc_column width=&#8221;2\/3&#8243;][mk_image src=&#8221;https:\/\/whsrn.org\/wp-content\/uploads\/2021\/03\/lagotexcoco_i-fong.jpg&#8221; image_size=&#8221;full&#8221;][mk_fancy_title tag_name=&#8221;span&#8221; color=&#8221;#53565a&#8221; size=&#8221;12&#8243; font_weight=&#8221;bold&#8221; margin_bottom=&#8221;0&#8243; font_family=&#8221;none&#8221; align=&#8221;center&#8221;]\nVista panor\u00e1mica del lago de Texcoco. <em>Foto: I. Fong<\/em><br \/>\n[\/mk_fancy_title][\/vc_column][vc_column width=&#8221;1\/6&#8243;][\/vc_column][\/mk_page_section][vc_row][vc_column][mk_padding_divider size=&#8221;20&#8243;][vc_column_text margin_bottom=&#8221;20&#8243; css=&#8221;.vc_custom_1614019479149{margin-bottom: 0px !important;}&#8221;]\nGracias a los trabajos de diversas instituciones acad\u00e9micas, asociaciones civiles y organizaciones no gubernamentales, y de la mano de la Comisi\u00f3n Nacional del Agua (CONAGUA), sabemos la importancia que representa este sitio para m\u00e1s de 30 especies de aves playeras. Por ejemplo, se han registrado hasta 62.000 individuos de Falaropo pico largo (<em>Phalaropus tricolor<\/em>) al a\u00f1o, as\u00ed como grandes n\u00fameros de Playero Diminuto (<em>Calidris minutilla<\/em>), Playero de Baird (<em>C. bairdii<\/em>), y Playero Occidental (<em>C. mauri<\/em>). El sitio tambi\u00e9n es utilizado por un gran n\u00famero de especies residentes como la Monjita Americana (<em>Himantopus mexicanus<\/em>), la Avoceta Americana (<em>Recurvirostra americana<\/em>), el Chorlo Tild\u00edo (<em>Charadrius vociferus<\/em>), y el Chorlo Nevado (<em>Ch. nivosus<\/em>).<\/p>\n<p>Lamentablemente, el Lago de Texcoco ha estado sujeto a diversas presiones antr\u00f3picas, debido a que la zona ha sido lugar de disputas sociales, culturales y pol\u00edticas por el territorio. El conflicto m\u00e1s reciente fue la construcci\u00f3n del Nuevo Aeropuerto Internacional de M\u00e9xico (NAIM) que caus\u00f3 grandes afectaciones al ecosistema, adem\u00e1s de generar gran pol\u00e9mica tanto nacional como internacional. El proyecto afect\u00f3 el h\u00e1bitat de algunas especies migratorias y residentes, incluyendo una de las principales \u00e1reas de reproducci\u00f3n para el Chorlito Nevado, especie que se encuentra amenazada en M\u00e9xico. El aeropuerto fue iniciado en una administraci\u00f3n gubernamental pasada, entonces con el cambio de gobierno y gracias a las diversas presiones pol\u00edticas, sociales, acad\u00e9micas y culturales por conservar el lago, la construcci\u00f3n del NAIM fue cancelada. \u00a0En su lugar, se est\u00e1 acondicionando el sitio para la creaci\u00f3n del Parque Ecol\u00f3gico Lago de Texcoco. El objetivo de este proyecto es mantener la din\u00e1mica del sitio para la conservaci\u00f3n de la flora y fauna, adem\u00e1s de promover el inter\u00e9s en los pobladores por el conocimiento y la conservaci\u00f3n. Ser\u00e1 uno de los parques ecol\u00f3gicos m\u00e1s grandes del mundo.<br \/>\n[\/vc_column_text][\/vc_column][\/vc_row][mk_page_section full_width=&#8221;true&#8221; padding_top=&#8221;25&#8243; padding_bottom=&#8221;0&#8243; sidebar=&#8221;sidebar-1&#8243;][vc_column width=&#8221;1\/2&#8243; css=&#8221;.vc_custom_1536683611141{margin-right: 0px !important;margin-left: 0px !important;padding-right: 3px !important;padding-left: 3px !important;}&#8221;][mk_image src=&#8221;https:\/\/whsrn.org\/wp-content\/uploads\/2021\/03\/lagotexcoco_shorebirdfeeding_a.-aguirre.jpg&#8221; image_size=&#8221;full&#8221;][\/vc_column][vc_column width=&#8221;1\/2&#8243; css=&#8221;.vc_custom_1536683620659{margin-right: 0px !important;margin-left: 0px !important;padding-right: 3px !important;padding-left: 3px !important;}&#8221;][mk_image src=&#8221;https:\/\/whsrn.org\/wp-content\/uploads\/2021\/02\/lagotexcoco_snpl_ifong.jpg&#8221; image_size=&#8221;full&#8221;][\/vc_column][\/mk_page_section][vc_row][vc_column][mk_fancy_title tag_name=&#8221;span&#8221; color=&#8221;#53565a&#8221; size=&#8221;12&#8243; font_weight=&#8221;bold&#8221; margin_bottom=&#8221;0&#8243; font_family=&#8221;none&#8221; align=&#8221;center&#8221;]\nIzquierda: Aves playeras aliment\u00e1ndose en la orilla del lago. <em>Foto: A. Aguirre<\/em>. Derecha: Chorlito Nevado en el Lago de Texcoco. <em>Foto: I. Fong<\/em>.<br \/>\n[\/mk_fancy_title][mk_padding_divider size=&#8221;20&#8243;][vc_column_text margin_bottom=&#8221;20&#8243; css=&#8221;.vc_custom_1614019517314{margin-bottom: 0px !important;}&#8221;]\nComo parte de la creaci\u00f3n del Parque Ecol\u00f3gico Lago de Texcoco, se pretende contar con programas que permitan la recuperaci\u00f3n del sitio. La informaci\u00f3n acerca de dichos programas a\u00fan se encuentra restringida, pero se sabe que contar\u00e1 con un programa de restauraci\u00f3n ecol\u00f3gica, as\u00ed como un \u00e1rea de refugio y protecci\u00f3n de aves acu\u00e1ticas. Adem\u00e1s, se habilitar\u00e1n espacios para el esparcimiento y recreaci\u00f3n y finalmente se pretende dar soluci\u00f3n a los conflictos sociales que se han generado con el antiguo proyecto aeron\u00e1utico (<a href=\"https:\/\/presidente.gob.mx\/presentan-proyecto-del-parque-ecologico-lago-de-texcoco\/\">https:\/\/presidente.gob.mx\/presentan-proyecto-del-parque-ecologico-lago-de-texcoco\/<\/a>). Estas actividades de restauraci\u00f3n ecol\u00f3gica est\u00e1n enmarcadas en un decreto presidencial y en la Ley General de Equilibrio Ecol\u00f3gico y Protecci\u00f3n al Ambiente. Por lo tanto, se espera que la creaci\u00f3n del parque Ecol\u00f3gico brinde beneficios sociales, educativos, culturales y deportivos a los pobladores de la regi\u00f3n y que a su vez sea compatible con la conservaci\u00f3n del lago.<br \/>\n[\/vc_column_text][\/vc_column][\/vc_row][mk_page_section full_width=&#8221;true&#8221; padding_top=&#8221;25&#8243; padding_bottom=&#8221;0&#8243; sidebar=&#8221;sidebar-1&#8243;][vc_column css=&#8221;.vc_custom_1536683611141{margin-right: 0px !important;margin-left: 0px !important;padding-right: 3px !important;padding-left: 3px !important;}&#8221;][mk_image src=&#8221;https:\/\/whsrn.org\/wp-content\/uploads\/2021\/03\/lagotexcoco_grasslands_ifong.jpg&#8221; image_size=&#8221;full&#8221;][\/vc_column][\/mk_page_section][vc_row][vc_column][mk_fancy_title tag_name=&#8221;span&#8221; color=&#8221;#53565a&#8221; size=&#8221;12&#8243; font_weight=&#8221;bold&#8221; margin_bottom=&#8221;0&#8243; font_family=&#8221;none&#8221; align=&#8221;center&#8221;]\nZona de pastizales en Texcoco. <em>Foto: I. Fong<\/em><br \/>\n[\/mk_fancy_title][mk_padding_divider size=&#8221;20&#8243;][vc_column_text margin_bottom=&#8221;20&#8243; css=&#8221;.vc_custom_1614019540572{margin-bottom: 0px !important;}&#8221;]\nEl Lago de Texcoco es un claro ejemplo de que no todo est\u00e1 perdido. Con acciones concretas y coordinadas entre diferentes sectores y disciplinas, se puede recuperar este h\u00e1bitat tan importante para la vida silvestre y la poblaci\u00f3n humana. Su rescate y restauraci\u00f3n brinda una nueva visi\u00f3n de las necesidades de conservaci\u00f3n y sirve de reflexi\u00f3n de c\u00f3mo la conservaci\u00f3n de los sitios es posible con uso controlado y coordinado.<br \/>\n[\/vc_column_text][\/vc_column][\/vc_row][vc_row][vc_column][mk_fancy_title tag_name=&#8221;span&#8221; color=&#8221;#3d4045&#8243; size=&#8221;12&#8243; font_weight=&#8221;400&#8243; font_family=&#8221;none&#8221;]<strong>Foto de portada: Grupo de Falaropos Pico Largo aliment\u00e1ndose en el lago. <em>Foto: A. Aguirre<\/em><\/strong><\/p>\n[\/mk_fancy_title][\/vc_column][\/vc_row]\n","protected":false},"excerpt":{"rendered":"<p>Ubicado en el centro de M\u00e9xico, el Lago de Texcoco es uno de los humedales m\u00e1s importantes para las aves playeras que viajan a trav\u00e9s de la Ruta Migratoria Mid-Continental de Am\u00e9rica. Esta zona recibe grandes concentraciones de aves playeras; por ello, desde el 2007 la Red Hemisf\u00e9rica de Reserva para Aves Playeras (RHRAP\/ WHSRN por sus siglas en ingl\u00e9s) lo nombr\u00f3 sitio de importancia regional. Juanita Fonseca comparte la historia de este humedal que se niega a morir y que se debe conservar. <\/p>\n","protected":false},"author":23,"featured_media":14783,"comment_status":"open","ping_status":"open","sticky":false,"template":"","format":"standard","meta":{"nf_dc_page":"","footnotes":""},"categories":[245,1,526],"tags":[178,545],"class_list":["post-14791","post","type-post","status-publish","format-standard","has-post-thumbnail","hentry","category-featured-site-of-the-month","category-uncategorized","category-whsrn","tag-mexico","tag-sitio-destacado-del-mes-es-2"],"yoast_head":"<!-- This site is optimized with the Yoast SEO plugin v27.2 - https:\/\/yoast.com\/product\/yoast-seo-wordpress\/ -->\n<title>Lago de Texcoco: Un Ecosistema Vital que Debemos Conservar<\/title>\n<meta name=\"robots\" content=\"index, follow, max-snippet:-1, max-image-preview:large, max-video-preview:-1\" \/>\n<link rel=\"canonical\" href=\"https:\/\/whsrn.org\/es\/lago-de-texcoco-un-ecosistema-vital-que-debemos-conservar\/\" \/>\n<meta property=\"og:locale\" content=\"es_ES\" \/>\n<meta property=\"og:type\" content=\"article\" \/>\n<meta property=\"og:title\" content=\"Lago de Texcoco: Un Ecosistema Vital que Debemos Conservar\" \/>\n<meta property=\"og:description\" content=\"Ubicado en el centro de M\u00e9xico, el Lago de Texcoco es uno de los humedales m\u00e1s importantes para las aves playeras que viajan a trav\u00e9s de la Ruta Migratoria Mid-Continental de Am\u00e9rica. Esta zona recibe grandes concentraciones de aves playeras; por ello, desde el 2007 la Red Hemisf\u00e9rica de Reserva para Aves Playeras (RHRAP\/ WHSRN por sus siglas en ingl\u00e9s) lo nombr\u00f3 sitio de importancia regional. Juanita Fonseca comparte la historia de este humedal que se niega a morir y que se debe conservar.\" \/>\n<meta property=\"og:url\" content=\"https:\/\/whsrn.org\/es\/lago-de-texcoco-un-ecosistema-vital-que-debemos-conservar\/\" \/>\n<meta property=\"og:site_name\" content=\"WHSRN\" \/>\n<meta property=\"article:publisher\" content=\"https:\/\/www.facebook.com\/WHSRN\" \/>\n<meta property=\"article:published_time\" content=\"2021-02-19T05:20:51+00:00\" \/>\n<meta property=\"article:modified_time\" content=\"2021-02-26T17:58:54+00:00\" \/>\n<meta property=\"og:image\" content=\"https:\/\/whsrn.org\/wp-content\/uploads\/2021\/03\/lagotexcoco_featured_wiph_a.aguirre.jpg\" \/>\n\t<meta property=\"og:image:width\" content=\"1680\" \/>\n\t<meta property=\"og:image:height\" content=\"775\" \/>\n\t<meta property=\"og:image:type\" content=\"image\/jpeg\" \/>\n<meta name=\"author\" content=\"Juanita Fonseca\" \/>\n<meta name=\"twitter:card\" content=\"summary_large_image\" \/>\n<meta name=\"twitter:creator\" content=\"@WHSRN\" \/>\n<meta name=\"twitter:site\" content=\"@WHSRN\" \/>\n<meta name=\"twitter:label1\" content=\"Escrito por\" \/>\n\t<meta name=\"twitter:data1\" content=\"Juanita Fonseca\" \/>\n\t<meta name=\"twitter:label2\" content=\"Tiempo de lectura\" \/>\n\t<meta name=\"twitter:data2\" content=\"6 minutos\" \/>\n<script type=\"application\/ld+json\" class=\"yoast-schema-graph\">{\"@context\":\"https:\/\/schema.org\",\"@graph\":[{\"@type\":\"Article\",\"@id\":\"https:\/\/whsrn.org\/es\/lago-de-texcoco-un-ecosistema-vital-que-debemos-conservar\/#article\",\"isPartOf\":{\"@id\":\"https:\/\/whsrn.org\/es\/lago-de-texcoco-un-ecosistema-vital-que-debemos-conservar\/\"},\"author\":{\"name\":\"Juanita Fonseca\",\"@id\":\"https:\/\/whsrn.org\/es\/#\/schema\/person\/4704f67aeb28c347a394b496e19eda25\"},\"headline\":\"Lago de Texcoco: Un Ecosistema Vital que Debemos Conservar\",\"datePublished\":\"2021-02-19T05:20:51+00:00\",\"dateModified\":\"2021-02-26T17:58:54+00:00\",\"mainEntityOfPage\":{\"@id\":\"https:\/\/whsrn.org\/es\/lago-de-texcoco-un-ecosistema-vital-que-debemos-conservar\/\"},\"wordCount\":1195,\"commentCount\":0,\"publisher\":{\"@id\":\"https:\/\/whsrn.org\/es\/#organization\"},\"image\":{\"@id\":\"https:\/\/whsrn.org\/es\/lago-de-texcoco-un-ecosistema-vital-que-debemos-conservar\/#primaryimage\"},\"thumbnailUrl\":\"https:\/\/whsrn.org\/wp-content\/uploads\/2021\/03\/lagotexcoco_featured_wiph_a.aguirre.jpg\",\"keywords\":[\"M\u00e9xico\",\"Sitio Destacado del Mes\"],\"articleSection\":[\"Featured Site of the Month\",\"Uncategorized\",\"WHSRN\"],\"inLanguage\":\"es\",\"potentialAction\":[{\"@type\":\"CommentAction\",\"name\":\"Comment\",\"target\":[\"https:\/\/whsrn.org\/es\/lago-de-texcoco-un-ecosistema-vital-que-debemos-conservar\/#respond\"]}]},{\"@type\":\"WebPage\",\"@id\":\"https:\/\/whsrn.org\/es\/lago-de-texcoco-un-ecosistema-vital-que-debemos-conservar\/\",\"url\":\"https:\/\/whsrn.org\/es\/lago-de-texcoco-un-ecosistema-vital-que-debemos-conservar\/\",\"name\":\"Lago de Texcoco: Un Ecosistema Vital que Debemos Conservar\",\"isPartOf\":{\"@id\":\"https:\/\/whsrn.org\/es\/#website\"},\"primaryImageOfPage\":{\"@id\":\"https:\/\/whsrn.org\/es\/lago-de-texcoco-un-ecosistema-vital-que-debemos-conservar\/#primaryimage\"},\"image\":{\"@id\":\"https:\/\/whsrn.org\/es\/lago-de-texcoco-un-ecosistema-vital-que-debemos-conservar\/#primaryimage\"},\"thumbnailUrl\":\"https:\/\/whsrn.org\/wp-content\/uploads\/2021\/03\/lagotexcoco_featured_wiph_a.aguirre.jpg\",\"datePublished\":\"2021-02-19T05:20:51+00:00\",\"dateModified\":\"2021-02-26T17:58:54+00:00\",\"breadcrumb\":{\"@id\":\"https:\/\/whsrn.org\/es\/lago-de-texcoco-un-ecosistema-vital-que-debemos-conservar\/#breadcrumb\"},\"inLanguage\":\"es\",\"potentialAction\":[{\"@type\":\"ReadAction\",\"target\":[\"https:\/\/whsrn.org\/es\/lago-de-texcoco-un-ecosistema-vital-que-debemos-conservar\/\"]}]},{\"@type\":\"ImageObject\",\"inLanguage\":\"es\",\"@id\":\"https:\/\/whsrn.org\/es\/lago-de-texcoco-un-ecosistema-vital-que-debemos-conservar\/#primaryimage\",\"url\":\"https:\/\/whsrn.org\/wp-content\/uploads\/2021\/03\/lagotexcoco_featured_wiph_a.aguirre.jpg\",\"contentUrl\":\"https:\/\/whsrn.org\/wp-content\/uploads\/2021\/03\/lagotexcoco_featured_wiph_a.aguirre.jpg\",\"width\":1680,\"height\":775},{\"@type\":\"BreadcrumbList\",\"@id\":\"https:\/\/whsrn.org\/es\/lago-de-texcoco-un-ecosistema-vital-que-debemos-conservar\/#breadcrumb\",\"itemListElement\":[{\"@type\":\"ListItem\",\"position\":1,\"name\":\"Home\",\"item\":\"https:\/\/whsrn.org\/es\/\"},{\"@type\":\"ListItem\",\"position\":2,\"name\":\"Lago de Texcoco: Un Ecosistema Vital que Debemos Conservar\"}]},{\"@type\":\"WebSite\",\"@id\":\"https:\/\/whsrn.org\/es\/#website\",\"url\":\"https:\/\/whsrn.org\/es\/\",\"name\":\"WHSRN\",\"description\":\"Western Hemisphere Shorebird Reserve Network\",\"publisher\":{\"@id\":\"https:\/\/whsrn.org\/es\/#organization\"},\"potentialAction\":[{\"@type\":\"SearchAction\",\"target\":{\"@type\":\"EntryPoint\",\"urlTemplate\":\"https:\/\/whsrn.org\/es\/?s={search_term_string}\"},\"query-input\":{\"@type\":\"PropertyValueSpecification\",\"valueRequired\":true,\"valueName\":\"search_term_string\"}}],\"inLanguage\":\"es\"},{\"@type\":\"Organization\",\"@id\":\"https:\/\/whsrn.org\/es\/#organization\",\"name\":\"Western Hemisphere Shorebird Reserve Network\",\"url\":\"https:\/\/whsrn.org\/es\/\",\"logo\":{\"@type\":\"ImageObject\",\"inLanguage\":\"es\",\"@id\":\"https:\/\/whsrn.org\/es\/#\/schema\/logo\/image\/\",\"url\":\"https:\/\/whsrn.org\/wp-content\/uploads\/2021\/01\/whsrn_nostrapline_square.png\",\"contentUrl\":\"https:\/\/whsrn.org\/wp-content\/uploads\/2021\/01\/whsrn_nostrapline_square.png\",\"width\":800,\"height\":800,\"caption\":\"Western Hemisphere Shorebird Reserve Network\"},\"image\":{\"@id\":\"https:\/\/whsrn.org\/es\/#\/schema\/logo\/image\/\"},\"sameAs\":[\"https:\/\/www.facebook.com\/WHSRN\",\"https:\/\/x.com\/WHSRN\",\"https:\/\/www.youtube.com\/channel\/UCDMz2oCsiK8e03UxFhHhdEA\"]},{\"@type\":\"Person\",\"@id\":\"https:\/\/whsrn.org\/es\/#\/schema\/person\/4704f67aeb28c347a394b496e19eda25\",\"name\":\"Juanita Fonseca\",\"image\":{\"@type\":\"ImageObject\",\"inLanguage\":\"es\",\"@id\":\"https:\/\/secure.gravatar.com\/avatar\/61236bc8d16219669e9589c78b944f25cf43afb011b4e7a8f1caf99a772e47d7?s=96&d=mm&r=g\",\"url\":\"https:\/\/secure.gravatar.com\/avatar\/61236bc8d16219669e9589c78b944f25cf43afb011b4e7a8f1caf99a772e47d7?s=96&d=mm&r=g\",\"contentUrl\":\"https:\/\/secure.gravatar.com\/avatar\/61236bc8d16219669e9589c78b944f25cf43afb011b4e7a8f1caf99a772e47d7?s=96&d=mm&r=g\",\"caption\":\"Juanita Fonseca\"},\"url\":\"https:\/\/whsrn.org\/es\/author\/juanitafonseca18gmail-com\/\"}]}<\/script>\n<!-- \/ Yoast SEO plugin. -->","yoast_head_json":{"title":"Lago de Texcoco: Un Ecosistema Vital que Debemos Conservar","robots":{"index":"index","follow":"follow","max-snippet":"max-snippet:-1","max-image-preview":"max-image-preview:large","max-video-preview":"max-video-preview:-1"},"canonical":"https:\/\/whsrn.org\/es\/lago-de-texcoco-un-ecosistema-vital-que-debemos-conservar\/","og_locale":"es_ES","og_type":"article","og_title":"Lago de Texcoco: Un Ecosistema Vital que Debemos Conservar","og_description":"Ubicado en el centro de M\u00e9xico, el Lago de Texcoco es uno de los humedales m\u00e1s importantes para las aves playeras que viajan a trav\u00e9s de la Ruta Migratoria Mid-Continental de Am\u00e9rica. Esta zona recibe grandes concentraciones de aves playeras; por ello, desde el 2007 la Red Hemisf\u00e9rica de Reserva para Aves Playeras (RHRAP\/ WHSRN por sus siglas en ingl\u00e9s) lo nombr\u00f3 sitio de importancia regional. Juanita Fonseca comparte la historia de este humedal que se niega a morir y que se debe conservar.","og_url":"https:\/\/whsrn.org\/es\/lago-de-texcoco-un-ecosistema-vital-que-debemos-conservar\/","og_site_name":"WHSRN","article_publisher":"https:\/\/www.facebook.com\/WHSRN","article_published_time":"2021-02-19T05:20:51+00:00","article_modified_time":"2021-02-26T17:58:54+00:00","og_image":[{"width":1680,"height":775,"url":"https:\/\/whsrn.org\/wp-content\/uploads\/2021\/03\/lagotexcoco_featured_wiph_a.aguirre.jpg","type":"image\/jpeg"}],"author":"Juanita Fonseca","twitter_card":"summary_large_image","twitter_creator":"@WHSRN","twitter_site":"@WHSRN","twitter_misc":{"Escrito por":"Juanita Fonseca","Tiempo de lectura":"6 minutos"},"schema":{"@context":"https:\/\/schema.org","@graph":[{"@type":"Article","@id":"https:\/\/whsrn.org\/es\/lago-de-texcoco-un-ecosistema-vital-que-debemos-conservar\/#article","isPartOf":{"@id":"https:\/\/whsrn.org\/es\/lago-de-texcoco-un-ecosistema-vital-que-debemos-conservar\/"},"author":{"name":"Juanita Fonseca","@id":"https:\/\/whsrn.org\/es\/#\/schema\/person\/4704f67aeb28c347a394b496e19eda25"},"headline":"Lago de Texcoco: Un Ecosistema Vital que Debemos Conservar","datePublished":"2021-02-19T05:20:51+00:00","dateModified":"2021-02-26T17:58:54+00:00","mainEntityOfPage":{"@id":"https:\/\/whsrn.org\/es\/lago-de-texcoco-un-ecosistema-vital-que-debemos-conservar\/"},"wordCount":1195,"commentCount":0,"publisher":{"@id":"https:\/\/whsrn.org\/es\/#organization"},"image":{"@id":"https:\/\/whsrn.org\/es\/lago-de-texcoco-un-ecosistema-vital-que-debemos-conservar\/#primaryimage"},"thumbnailUrl":"https:\/\/whsrn.org\/wp-content\/uploads\/2021\/03\/lagotexcoco_featured_wiph_a.aguirre.jpg","keywords":["M\u00e9xico","Sitio Destacado del Mes"],"articleSection":["Featured Site of the Month","Uncategorized","WHSRN"],"inLanguage":"es","potentialAction":[{"@type":"CommentAction","name":"Comment","target":["https:\/\/whsrn.org\/es\/lago-de-texcoco-un-ecosistema-vital-que-debemos-conservar\/#respond"]}]},{"@type":"WebPage","@id":"https:\/\/whsrn.org\/es\/lago-de-texcoco-un-ecosistema-vital-que-debemos-conservar\/","url":"https:\/\/whsrn.org\/es\/lago-de-texcoco-un-ecosistema-vital-que-debemos-conservar\/","name":"Lago de Texcoco: Un Ecosistema Vital que Debemos Conservar","isPartOf":{"@id":"https:\/\/whsrn.org\/es\/#website"},"primaryImageOfPage":{"@id":"https:\/\/whsrn.org\/es\/lago-de-texcoco-un-ecosistema-vital-que-debemos-conservar\/#primaryimage"},"image":{"@id":"https:\/\/whsrn.org\/es\/lago-de-texcoco-un-ecosistema-vital-que-debemos-conservar\/#primaryimage"},"thumbnailUrl":"https:\/\/whsrn.org\/wp-content\/uploads\/2021\/03\/lagotexcoco_featured_wiph_a.aguirre.jpg","datePublished":"2021-02-19T05:20:51+00:00","dateModified":"2021-02-26T17:58:54+00:00","breadcrumb":{"@id":"https:\/\/whsrn.org\/es\/lago-de-texcoco-un-ecosistema-vital-que-debemos-conservar\/#breadcrumb"},"inLanguage":"es","potentialAction":[{"@type":"ReadAction","target":["https:\/\/whsrn.org\/es\/lago-de-texcoco-un-ecosistema-vital-que-debemos-conservar\/"]}]},{"@type":"ImageObject","inLanguage":"es","@id":"https:\/\/whsrn.org\/es\/lago-de-texcoco-un-ecosistema-vital-que-debemos-conservar\/#primaryimage","url":"https:\/\/whsrn.org\/wp-content\/uploads\/2021\/03\/lagotexcoco_featured_wiph_a.aguirre.jpg","contentUrl":"https:\/\/whsrn.org\/wp-content\/uploads\/2021\/03\/lagotexcoco_featured_wiph_a.aguirre.jpg","width":1680,"height":775},{"@type":"BreadcrumbList","@id":"https:\/\/whsrn.org\/es\/lago-de-texcoco-un-ecosistema-vital-que-debemos-conservar\/#breadcrumb","itemListElement":[{"@type":"ListItem","position":1,"name":"Home","item":"https:\/\/whsrn.org\/es\/"},{"@type":"ListItem","position":2,"name":"Lago de Texcoco: Un Ecosistema Vital que Debemos Conservar"}]},{"@type":"WebSite","@id":"https:\/\/whsrn.org\/es\/#website","url":"https:\/\/whsrn.org\/es\/","name":"WHSRN","description":"Western Hemisphere Shorebird Reserve Network","publisher":{"@id":"https:\/\/whsrn.org\/es\/#organization"},"potentialAction":[{"@type":"SearchAction","target":{"@type":"EntryPoint","urlTemplate":"https:\/\/whsrn.org\/es\/?s={search_term_string}"},"query-input":{"@type":"PropertyValueSpecification","valueRequired":true,"valueName":"search_term_string"}}],"inLanguage":"es"},{"@type":"Organization","@id":"https:\/\/whsrn.org\/es\/#organization","name":"Western Hemisphere Shorebird Reserve Network","url":"https:\/\/whsrn.org\/es\/","logo":{"@type":"ImageObject","inLanguage":"es","@id":"https:\/\/whsrn.org\/es\/#\/schema\/logo\/image\/","url":"https:\/\/whsrn.org\/wp-content\/uploads\/2021\/01\/whsrn_nostrapline_square.png","contentUrl":"https:\/\/whsrn.org\/wp-content\/uploads\/2021\/01\/whsrn_nostrapline_square.png","width":800,"height":800,"caption":"Western Hemisphere Shorebird Reserve Network"},"image":{"@id":"https:\/\/whsrn.org\/es\/#\/schema\/logo\/image\/"},"sameAs":["https:\/\/www.facebook.com\/WHSRN","https:\/\/x.com\/WHSRN","https:\/\/www.youtube.com\/channel\/UCDMz2oCsiK8e03UxFhHhdEA"]},{"@type":"Person","@id":"https:\/\/whsrn.org\/es\/#\/schema\/person\/4704f67aeb28c347a394b496e19eda25","name":"Juanita Fonseca","image":{"@type":"ImageObject","inLanguage":"es","@id":"https:\/\/secure.gravatar.com\/avatar\/61236bc8d16219669e9589c78b944f25cf43afb011b4e7a8f1caf99a772e47d7?s=96&d=mm&r=g","url":"https:\/\/secure.gravatar.com\/avatar\/61236bc8d16219669e9589c78b944f25cf43afb011b4e7a8f1caf99a772e47d7?s=96&d=mm&r=g","contentUrl":"https:\/\/secure.gravatar.com\/avatar\/61236bc8d16219669e9589c78b944f25cf43afb011b4e7a8f1caf99a772e47d7?s=96&d=mm&r=g","caption":"Juanita Fonseca"},"url":"https:\/\/whsrn.org\/es\/author\/juanitafonseca18gmail-com\/"}]}},"_links":{"self":[{"href":"https:\/\/whsrn.org\/es\/wp-json\/wp\/v2\/posts\/14791","targetHints":{"allow":["GET"]}}],"collection":[{"href":"https:\/\/whsrn.org\/es\/wp-json\/wp\/v2\/posts"}],"about":[{"href":"https:\/\/whsrn.org\/es\/wp-json\/wp\/v2\/types\/post"}],"author":[{"embeddable":true,"href":"https:\/\/whsrn.org\/es\/wp-json\/wp\/v2\/users\/23"}],"replies":[{"embeddable":true,"href":"https:\/\/whsrn.org\/es\/wp-json\/wp\/v2\/comments?post=14791"}],"version-history":[{"count":15,"href":"https:\/\/whsrn.org\/es\/wp-json\/wp\/v2\/posts\/14791\/revisions"}],"predecessor-version":[{"id":14895,"href":"https:\/\/whsrn.org\/es\/wp-json\/wp\/v2\/posts\/14791\/revisions\/14895"}],"wp:featuredmedia":[{"embeddable":true,"href":"https:\/\/whsrn.org\/es\/wp-json\/wp\/v2\/media\/14783"}],"wp:attachment":[{"href":"https:\/\/whsrn.org\/es\/wp-json\/wp\/v2\/media?parent=14791"}],"wp:term":[{"taxonomy":"category","embeddable":true,"href":"https:\/\/whsrn.org\/es\/wp-json\/wp\/v2\/categories?post=14791"},{"taxonomy":"post_tag","embeddable":true,"href":"https:\/\/whsrn.org\/es\/wp-json\/wp\/v2\/tags?post=14791"}],"curies":[{"name":"wp","href":"https:\/\/api.w.org\/{rel}","templated":true}]}}