{"id":13167,"date":"2020-04-28T23:49:57","date_gmt":"2020-04-28T23:49:57","guid":{"rendered":"https:\/\/whsrn.org\/un-dia-en-la-vida-del-zarapito-esquimal\/"},"modified":"2020-04-30T13:49:24","modified_gmt":"2020-04-30T13:49:24","slug":"un-dia-en-la-vida-del-zarapito-esquimal","status":"publish","type":"post","link":"https:\/\/whsrn.org\/es\/un-dia-en-la-vida-del-zarapito-esquimal\/","title":{"rendered":"Un D\u00eda en la Vida del Zarapito Esquimal"},"content":{"rendered":"[vc_row css=&#8221;.vc_custom_1537359740219{margin-top: 0px !important;padding-top: 0px !important;}&#8221;][vc_column css=&#8221;.vc_custom_1537371217000{margin-top: 0px !important;padding-top: 0px !important;}&#8221;][mk_padding_divider size=&#8221;20&#8243;][vc_column_text margin_bottom=&#8221;20&#8243; css=&#8221;.vc_custom_1588043161936{margin-top: 0px !important;margin-bottom: 0px !important;padding-top: 0px !important;}&#8221;]<strong>El 21 de abril se celebr\u00f3 el D\u00eda Internacional del Zarapito \u2013 una iniciativa para crear conciencia sobre la dif\u00edcil situaci\u00f3n de los zarapitos (<em>Numenius<\/em>), y para celebrarlos como aves ic\u00f3nicas de lugares salvajes, h\u00famedos y evocadores: estuarios, laderas de monta\u00f1as, p\u00e1ramos, praderas y costas. De las ocho especies de zarapitos del mundo, cinco son consideradas globalmente en riesgo de extinci\u00f3n de acuerdo a la Lista Roja de IUCN, y dos de ellas posiblemente ya se han extinguido. Con motivo de esta celebraci\u00f3n y para recordar el estado cr\u00edtico de los zarapitos a nivel mundial, compartimos un relato personal sobre el \u00faltimo avistamiento registrado del Playero Esquimal (<em>Numenius borealis<\/em>) realizado por Pablo Michelutti, guardaparque de Mar Chiquita, C\u00f3rdoba, Argentina. En palabras de Pablo:<\/strong><\/p>\n<p>Al norte de la localidad de La Para, la costa de la laguna Mar Chiquita adopta una fisonom\u00eda particular; barrancas de hasta 14 metros de alto, extensas playas de arena, montes de cardonal y abundante fauna nativa hacen de \u00e9ste un sitio con un paisaje \u00fanico que lleva el nombre de un antiguo propietario: \u201cMare\u201d. D\u00e9cadas atr\u00e1s, en este sitio se desarroll\u00f3 un peque\u00f1o asentamiento e incluso fue un destino tur\u00edstico en el que se lleg\u00f3 a construir un hotel de caracter\u00edsticas avanzadas para la \u00e9poca y la regi\u00f3n, del que hoy s\u00f3lo quedan las ruinas.[\/vc_column_text][\/vc_column][\/vc_row][mk_page_section min_height=&#8221;1&#8243; padding_bottom=&#8221;0&#8243; sidebar=&#8221;sidebar-1&#8243;][vc_column width=&#8221;1\/6&#8243;][\/vc_column][vc_column width=&#8221;2\/3&#8243;][mk_image src=&#8221;https:\/\/whsrn.org\/wp-content\/uploads\/2020\/04\/eskimo_wpimg1.jpg&#8221; image_size=&#8221;full&#8221;][mk_fancy_title tag_name=&#8221;span&#8221; color=&#8221;#53565a&#8221; size=&#8221;12&#8243; font_weight=&#8221;bold&#8221; margin_bottom=&#8221;0&#8243; font_family=&#8221;none&#8221; align=&#8221;center&#8221;]\n<div id=\"comp-jjabhjs7\" class=\"txtNew\" data-packed=\"true\">\n<div id=\"comp-jhgnp0bn\" class=\"txtNew\" data-packed=\"false\" data-min-height=\"17\">\n<div id=\"comp-jlcre5hu\" class=\"txtNew\" data-packed=\"false\" data-min-height=\"17\">\n<p>La costa de Mar Chiquita en la zona de Campo Mare es una de las pocas con playas de arena y relictos de bosque nativo. <em>Foto: Marcela Castellino.<\/em><\/p>\n<\/div>\n<\/div>\n<\/div>\n[\/mk_fancy_title][\/vc_column][vc_column width=&#8221;1\/6&#8243;][\/vc_column][\/mk_page_section][vc_row][vc_column][mk_padding_divider size=&#8221;20&#8243;][vc_column_text margin_bottom=&#8221;20&#8243; css=&#8221;.vc_custom_1588043393694{margin-bottom: 0px !important;}&#8221;]\n<div id=\"comp-jivjchmc\" class=\"txtNew\" data-packed=\"false\">\n<p>Como parte de mis actividades regulares de control y relevamiento ambiental en la reserva, visito el \u00e1rea al menos una vez por mes. El d\u00eda 13 de octubre de 1990, al llegar al lugar me sorprendi\u00f3 no observar aves en sus costas. S\u00ed se escuchaban disparos de un arma de fuego hacia el este. Mientras me dirig\u00eda hacia all\u00ed, iba recogiendo los ejemplares abatidos de diferentes especies de aves acu\u00e1ticas, como teros y patos. Eran tantos que lleg\u00f3 un momento en que no pude cargarlos m\u00e1s.<\/p>\n<p>Finalmente di alcance a tres personas, estando una de ellas armada con una escopeta, las cuales se sorprendieron ingratamente de mi presencia y ante mi requerimiento por su accionar no supieron dar explicaciones. Los disuad\u00ed para que se retiraran, y continu\u00e9 caminando hacia el extremo de la pen\u00ednsula. A continuaci\u00f3n, me dirig\u00ed hacia el oeste, en donde pozos artesianos que eran parte del antiguo hotel hab\u00edan formado una laguna rodeada de m\u00e9danos y cercana a la costa.<\/p>\n<\/div>\n[\/vc_column_text][\/vc_column][\/vc_row][mk_page_section full_width=&#8221;true&#8221; padding_top=&#8221;25&#8243; padding_bottom=&#8221;0&#8243; sidebar=&#8221;sidebar-1&#8243;][vc_column width=&#8221;1\/2&#8243; css=&#8221;.vc_custom_1536683611141{margin-right: 0px !important;margin-left: 0px !important;padding-right: 3px !important;padding-left: 3px !important;}&#8221;][mk_image src=&#8221;https:\/\/whsrn.org\/wp-content\/uploads\/2020\/04\/eskimo_wpimg2.jpg&#8221; image_size=&#8221;full&#8221;][\/vc_column][vc_column width=&#8221;1\/2&#8243; css=&#8221;.vc_custom_1536683620659{margin-right: 0px !important;margin-left: 0px !important;padding-right: 3px !important;padding-left: 3px !important;}&#8221;][mk_image src=&#8221;https:\/\/whsrn.org\/wp-content\/uploads\/2020\/04\/eskimo_wpimg3.jpg&#8221; image_size=&#8221;full&#8221;][\/vc_column][\/mk_page_section][vc_row][vc_column][mk_fancy_title tag_name=&#8221;span&#8221; color=&#8221;#53565a&#8221; size=&#8221;12&#8243; font_weight=&#8221;bold&#8221; margin_bottom=&#8221;0&#8243; font_family=&#8221;none&#8221; align=&#8221;center&#8221;]\n<div id=\"comp-jjabhjs7\" class=\"txtNew\" data-packed=\"true\">\n<div id=\"comp-jivjchjf\" class=\"txtNew\" data-packed=\"false\" data-min-height=\"17\">\n<div id=\"comp-jlcre5gi\" class=\"txtNew\" data-packed=\"false\" data-min-height=\"17\">\n<p class=\"font_9\">Izquierda: Pablo Michelutti, guardaparque de Mar Chiquita por mas de 30 a\u00f1os, durante una de sus salidas recientes para un conteo de aves playeras.<em>Photo: Yanina Drueta<\/em>. Derecha: Las barrancas formadas por paleom\u00e9danos en la zona de Campo Mare pueden llegar a medir hasta 14 metros de altura. <em>Foto: Mat\u00edas Michelutti.<\/em><\/p>\n<\/div>\n<\/div>\n<\/div>\n[\/mk_fancy_title][mk_padding_divider size=&#8221;20&#8243;][vc_column_text margin_bottom=&#8221;20&#8243; css=&#8221;.vc_custom_1588043574728{margin-bottom: 0px !important;}&#8221;]\n<div id=\"comp-jhgnp0bu\" class=\"txtNew\" data-packed=\"false\" data-min-height=\"84\">\n<div id=\"comp-jivjchlb\" class=\"txtNew\" data-packed=\"false\" data-min-height=\"40\">\n<p>En esta laguna pude ver que se agolpaban todas las aves que no hab\u00eda visto a lo largo de la costa a causa del disturbio. Entra ellas, en el borde superior, se encontraban cuatro ejemplares de aves playeras que por su forma, coloraci\u00f3n y tama\u00f1o era la primera vez que las observaba. Me encontraba a unos veinte metros de distancia y por la actitud de estas aves, como dispuestas a emprender vuelo en cualquier momento, me tir\u00e9 sobre la arena a fin de exponerme lo menos posible. Contaba con unos prism\u00e1ticos 8&#215;50, y con todo el tiempo del mundo proced\u00ed a observarlos, describirlos y dibujarlos. Los individuos eran de color pardo en su dorso, claro en sus partes inferiores, corona parda, notable ceja blanca, pico mediano a largo y de color oscuro, con patas grises. Tom\u00e9 la mayor cantidad de datos posible en mi libreta de campo, compar\u00e1ndolos principalmente por su tama\u00f1o con Teros Reales (Himantopus mexicanus) y pitotois (Tringa sp). Al incorporarme, las aves emprendieron vuelo no emitiendo ning\u00fan reclamo.<\/p>\n<p>De las especies que residen y\/o visitan el sitio, la m\u00e1s semejante ser\u00eda el Batit\u00fa (<em>Bartramia longicauda<\/em>), pero \u00e9ste es de menor tama\u00f1o y en su coloraci\u00f3n de reposo que observamos aqu\u00ed es m\u00e1s barreada, su cuello es m\u00e1s largo, el pico es mucho menor y el tama\u00f1o del cr\u00e1neo es menor. Adem\u00e1s, raramente he observado a esta especie en playas, pero si frecuentemente en campos de pasturas nativas e implantadas. Dado que para la fecha en la que realic\u00e9 este registro el Playero Esquimal ya era considerado pr\u00e1cticamente extinto, tuve sumo cuidado sobre qu\u00e9 hacer con el registro. Consult\u00e9 previamente a especialistas, entre ellos al naturalista (e ilustrador de la gu\u00eda de campo Aves de Argentina y Uruguay) Dar\u00edo Yzurieta quien por entonces resid\u00eda aqu\u00ed, adem\u00e1s de toda la bibliograf\u00eda a la que pude acceder, llev\u00e1ndome un buen tiempo el decidir su publicaci\u00f3n o no.<\/p>\n<\/div>\n<\/div>\n[\/vc_column_text][\/vc_column][\/vc_row][mk_page_section min_height=&#8221;1&#8243; padding_bottom=&#8221;0&#8243; sidebar=&#8221;sidebar-1&#8243;][vc_column width=&#8221;1\/6&#8243;][\/vc_column][vc_column width=&#8221;2\/3&#8243;][mk_image src=&#8221;https:\/\/whsrn.org\/wp-content\/uploads\/2020\/04\/eskimo_wpimg4.jpg&#8221; image_size=&#8221;full&#8221;][mk_fancy_title tag_name=&#8221;span&#8221; color=&#8221;#53565a&#8221; size=&#8221;12&#8243; font_weight=&#8221;bold&#8221; margin_bottom=&#8221;0&#8243; font_family=&#8221;none&#8221; align=&#8221;center&#8221;]\n<div id=\"comp-jjabhjs7\" class=\"txtNew\" data-packed=\"true\">\n<div id=\"comp-jhgnp0bn\" class=\"txtNew\" data-packed=\"false\" data-min-height=\"17\">\n<div id=\"comp-jlcre5hu\" class=\"txtNew\" data-packed=\"false\" data-min-height=\"17\">\n<p>Pablo Michelutti, guardaparque de Mar Chiquita por mas de 30 a\u00f1os, durante una de sus salidas recientes para un conteo de aves playeras. <em>Foto: Hugo Giraudo.<\/em><\/p>\n<\/div>\n<\/div>\n<\/div>\n[\/mk_fancy_title][\/vc_column][vc_column width=&#8221;1\/6&#8243;][\/vc_column][\/mk_page_section][vc_row][vc_column][mk_padding_divider size=&#8221;20&#8243;][vc_column_text margin_bottom=&#8221;20&#8243; css=&#8221;.vc_custom_1588043721059{margin-bottom: 0px !important;}&#8221;]\n<div id=\"comp-jivjchmc\" class=\"txtNew\" data-packed=\"false\">\n<p>Al menos estos pocos individuos pudieron agregar un d\u00eda m\u00e1s a sus vidas \u2013 es probable que mi llegada los haya salvado de las manos desaprensivas de los predadores. Por suerte, hoy son m\u00e1s las personas que disfrutan de este sitio respetando la naturaleza del lugar, ocup\u00e1ndose adem\u00e1s de proteger y difundir las bellezas y la diversidad del sitio y las especies que lo habitan. Desafortunadamente, es muy probable que el Playero Esquimal ya no se cuente entre ellas.<\/p>\n<p>Pablo Luis Michelutti \u2013 Guardaparque y representante por Mar Chiquita en el Consejo Argentino de la RHRAP.<\/p>\n<\/div>\n[\/vc_column_text][\/vc_column][\/vc_row][vc_row][vc_column][mk_fancy_title tag_name=&#8221;span&#8221; color=&#8221;#3d4045&#8243; size=&#8221;12&#8243; font_weight=&#8221;400&#8243; font_family=&#8221;none&#8221;]<strong>Foto de portada: Dibujo de los cuatro individuos de Playero Esquimal realizado por Pablo Michelutti el d\u00eda del registro. Ilustraci\u00f3n de Pablo Michelutti.<\/strong>[\/mk_fancy_title][\/vc_column][\/vc_row]\n","protected":false},"excerpt":{"rendered":"<p>Para celebrar el D\u00eda Mundial del Zarapito este mes, aqu\u00ed el \u00faltimo avistamiento registrado del Zarapito Esquimal (Numenius borealis), que ahora se cree extinto. <\/p>\n","protected":false},"author":15,"featured_media":13138,"comment_status":"closed","ping_status":"closed","sticky":false,"template":"","format":"standard","meta":{"nf_dc_page":"","footnotes":""},"categories":[32,175,174,77,1,526,528],"tags":[661,660,659],"class_list":["post-13167","post","type-post","status-publish","format-standard","has-post-thumbnail","hentry","category-conservation-issues","category-eventos-festivales-celebraciones","category-events-festivals-celebrations","category-problemas-de-conservacion","category-uncategorized","category-whsrn","category-whsrn-es","tag-eskimo-curlew-es","tag-numenius-borealis-es","tag-world-curlew-day-es"],"yoast_head":"<!-- This site is optimized with the Yoast SEO plugin v27.2 - https:\/\/yoast.com\/product\/yoast-seo-wordpress\/ -->\n<title>Un D\u00eda en la Vida del Zarapito Esquimal<\/title>\n<meta name=\"description\" content=\"Para celebrar el D\u00eda Mundial del Zarapito este mes, aqu\u00ed el \u00faltimo avistamiento registrado del Zarapito Esquimal (Numenius borealis), que ahora se cree extinto.\" \/>\n<meta name=\"robots\" content=\"index, follow, max-snippet:-1, max-image-preview:large, max-video-preview:-1\" \/>\n<link rel=\"canonical\" href=\"https:\/\/whsrn.org\/es\/un-dia-en-la-vida-del-zarapito-esquimal\/\" \/>\n<meta property=\"og:locale\" content=\"es_ES\" \/>\n<meta property=\"og:type\" content=\"article\" \/>\n<meta property=\"og:title\" content=\"Un D\u00eda en la Vida del Zarapito Esquimal\" \/>\n<meta property=\"og:description\" content=\"Para celebrar el D\u00eda Mundial del Zarapito este mes, aqu\u00ed el \u00faltimo avistamiento registrado del Zarapito Esquimal (Numenius borealis), que ahora se cree extinto.\" \/>\n<meta property=\"og:url\" content=\"https:\/\/whsrn.org\/es\/un-dia-en-la-vida-del-zarapito-esquimal\/\" \/>\n<meta property=\"og:site_name\" content=\"WHSRN\" \/>\n<meta property=\"article:publisher\" content=\"https:\/\/www.facebook.com\/WHSRN\" \/>\n<meta property=\"article:published_time\" content=\"2020-04-28T23:49:57+00:00\" \/>\n<meta property=\"article:modified_time\" content=\"2020-04-30T13:49:24+00:00\" \/>\n<meta property=\"og:image\" content=\"https:\/\/whsrn.org\/wp-content\/uploads\/2020\/04\/eskimo_wpfeature.jpg\" \/>\n\t<meta property=\"og:image:width\" content=\"1680\" \/>\n\t<meta property=\"og:image:height\" content=\"775\" \/>\n\t<meta property=\"og:image:type\" content=\"image\/jpeg\" \/>\n<meta name=\"author\" content=\"Marcela Castellino\" \/>\n<meta name=\"twitter:card\" content=\"summary_large_image\" \/>\n<meta name=\"twitter:creator\" content=\"@WHSRN\" \/>\n<meta name=\"twitter:site\" content=\"@WHSRN\" \/>\n<meta name=\"twitter:label1\" content=\"Escrito por\" \/>\n\t<meta name=\"twitter:data1\" content=\"Marcela Castellino\" \/>\n\t<meta name=\"twitter:label2\" content=\"Tiempo de lectura\" \/>\n\t<meta name=\"twitter:data2\" content=\"7 minutos\" \/>\n<script type=\"application\/ld+json\" class=\"yoast-schema-graph\">{\"@context\":\"https:\/\/schema.org\",\"@graph\":[{\"@type\":\"Article\",\"@id\":\"https:\/\/whsrn.org\/es\/un-dia-en-la-vida-del-zarapito-esquimal\/#article\",\"isPartOf\":{\"@id\":\"https:\/\/whsrn.org\/es\/un-dia-en-la-vida-del-zarapito-esquimal\/\"},\"author\":{\"name\":\"Marcela Castellino\",\"@id\":\"https:\/\/whsrn.org\/es\/#\/schema\/person\/59ab54be64af981f00ff590735261767\"},\"headline\":\"Un D\u00eda en la Vida del Zarapito Esquimal\",\"datePublished\":\"2020-04-28T23:49:57+00:00\",\"dateModified\":\"2020-04-30T13:49:24+00:00\",\"mainEntityOfPage\":{\"@id\":\"https:\/\/whsrn.org\/es\/un-dia-en-la-vida-del-zarapito-esquimal\/\"},\"wordCount\":1369,\"publisher\":{\"@id\":\"https:\/\/whsrn.org\/es\/#organization\"},\"image\":{\"@id\":\"https:\/\/whsrn.org\/es\/un-dia-en-la-vida-del-zarapito-esquimal\/#primaryimage\"},\"thumbnailUrl\":\"https:\/\/whsrn.org\/wp-content\/uploads\/2020\/04\/eskimo_wpfeature.jpg\",\"keywords\":[\"Eskimo Curlew\",\"Numenius borealis\",\"World Curlew Day\"],\"articleSection\":[\"Conservation Issues\",\"Eventos, Festivales y Celebraciones\",\"Events, Festivals, and Celebrations\",\"Problemas de Conservaci\u00f3n\",\"Uncategorized\",\"WHSRN\",\"WHSRN\"],\"inLanguage\":\"es\"},{\"@type\":\"WebPage\",\"@id\":\"https:\/\/whsrn.org\/es\/un-dia-en-la-vida-del-zarapito-esquimal\/\",\"url\":\"https:\/\/whsrn.org\/es\/un-dia-en-la-vida-del-zarapito-esquimal\/\",\"name\":\"Un D\u00eda en la Vida del Zarapito Esquimal\",\"isPartOf\":{\"@id\":\"https:\/\/whsrn.org\/es\/#website\"},\"primaryImageOfPage\":{\"@id\":\"https:\/\/whsrn.org\/es\/un-dia-en-la-vida-del-zarapito-esquimal\/#primaryimage\"},\"image\":{\"@id\":\"https:\/\/whsrn.org\/es\/un-dia-en-la-vida-del-zarapito-esquimal\/#primaryimage\"},\"thumbnailUrl\":\"https:\/\/whsrn.org\/wp-content\/uploads\/2020\/04\/eskimo_wpfeature.jpg\",\"datePublished\":\"2020-04-28T23:49:57+00:00\",\"dateModified\":\"2020-04-30T13:49:24+00:00\",\"description\":\"Para celebrar el D\u00eda Mundial del Zarapito este mes, aqu\u00ed el \u00faltimo avistamiento registrado del Zarapito Esquimal (Numenius borealis), que ahora se cree extinto.\",\"breadcrumb\":{\"@id\":\"https:\/\/whsrn.org\/es\/un-dia-en-la-vida-del-zarapito-esquimal\/#breadcrumb\"},\"inLanguage\":\"es\",\"potentialAction\":[{\"@type\":\"ReadAction\",\"target\":[\"https:\/\/whsrn.org\/es\/un-dia-en-la-vida-del-zarapito-esquimal\/\"]}]},{\"@type\":\"ImageObject\",\"inLanguage\":\"es\",\"@id\":\"https:\/\/whsrn.org\/es\/un-dia-en-la-vida-del-zarapito-esquimal\/#primaryimage\",\"url\":\"https:\/\/whsrn.org\/wp-content\/uploads\/2020\/04\/eskimo_wpfeature.jpg\",\"contentUrl\":\"https:\/\/whsrn.org\/wp-content\/uploads\/2020\/04\/eskimo_wpfeature.jpg\",\"width\":1680,\"height\":775},{\"@type\":\"BreadcrumbList\",\"@id\":\"https:\/\/whsrn.org\/es\/un-dia-en-la-vida-del-zarapito-esquimal\/#breadcrumb\",\"itemListElement\":[{\"@type\":\"ListItem\",\"position\":1,\"name\":\"Home\",\"item\":\"https:\/\/whsrn.org\/es\/\"},{\"@type\":\"ListItem\",\"position\":2,\"name\":\"Un D\u00eda en la Vida del Zarapito Esquimal\"}]},{\"@type\":\"WebSite\",\"@id\":\"https:\/\/whsrn.org\/es\/#website\",\"url\":\"https:\/\/whsrn.org\/es\/\",\"name\":\"WHSRN\",\"description\":\"Western Hemisphere Shorebird Reserve Network\",\"publisher\":{\"@id\":\"https:\/\/whsrn.org\/es\/#organization\"},\"potentialAction\":[{\"@type\":\"SearchAction\",\"target\":{\"@type\":\"EntryPoint\",\"urlTemplate\":\"https:\/\/whsrn.org\/es\/?s={search_term_string}\"},\"query-input\":{\"@type\":\"PropertyValueSpecification\",\"valueRequired\":true,\"valueName\":\"search_term_string\"}}],\"inLanguage\":\"es\"},{\"@type\":\"Organization\",\"@id\":\"https:\/\/whsrn.org\/es\/#organization\",\"name\":\"Western Hemisphere Shorebird Reserve Network\",\"url\":\"https:\/\/whsrn.org\/es\/\",\"logo\":{\"@type\":\"ImageObject\",\"inLanguage\":\"es\",\"@id\":\"https:\/\/whsrn.org\/es\/#\/schema\/logo\/image\/\",\"url\":\"https:\/\/whsrn.org\/wp-content\/uploads\/2021\/01\/whsrn_nostrapline_square.png\",\"contentUrl\":\"https:\/\/whsrn.org\/wp-content\/uploads\/2021\/01\/whsrn_nostrapline_square.png\",\"width\":800,\"height\":800,\"caption\":\"Western Hemisphere Shorebird Reserve Network\"},\"image\":{\"@id\":\"https:\/\/whsrn.org\/es\/#\/schema\/logo\/image\/\"},\"sameAs\":[\"https:\/\/www.facebook.com\/WHSRN\",\"https:\/\/x.com\/WHSRN\",\"https:\/\/www.youtube.com\/channel\/UCDMz2oCsiK8e03UxFhHhdEA\"]},{\"@type\":\"Person\",\"@id\":\"https:\/\/whsrn.org\/es\/#\/schema\/person\/59ab54be64af981f00ff590735261767\",\"name\":\"Marcela Castellino\",\"image\":{\"@type\":\"ImageObject\",\"inLanguage\":\"es\",\"@id\":\"https:\/\/secure.gravatar.com\/avatar\/98e44c060c5317cc076e9cb6e12b66ad75844edc60455f61dcb065f3af993b0e?s=96&d=mm&r=g\",\"url\":\"https:\/\/secure.gravatar.com\/avatar\/98e44c060c5317cc076e9cb6e12b66ad75844edc60455f61dcb065f3af993b0e?s=96&d=mm&r=g\",\"contentUrl\":\"https:\/\/secure.gravatar.com\/avatar\/98e44c060c5317cc076e9cb6e12b66ad75844edc60455f61dcb065f3af993b0e?s=96&d=mm&r=g\",\"caption\":\"Marcela Castellino\"},\"url\":\"https:\/\/whsrn.org\/es\/author\/mcastellinowhsrn\/\"}]}<\/script>\n<!-- \/ Yoast SEO plugin. -->","yoast_head_json":{"title":"Un D\u00eda en la Vida del Zarapito Esquimal","description":"Para celebrar el D\u00eda Mundial del Zarapito este mes, aqu\u00ed el \u00faltimo avistamiento registrado del Zarapito Esquimal (Numenius borealis), que ahora se cree extinto.","robots":{"index":"index","follow":"follow","max-snippet":"max-snippet:-1","max-image-preview":"max-image-preview:large","max-video-preview":"max-video-preview:-1"},"canonical":"https:\/\/whsrn.org\/es\/un-dia-en-la-vida-del-zarapito-esquimal\/","og_locale":"es_ES","og_type":"article","og_title":"Un D\u00eda en la Vida del Zarapito Esquimal","og_description":"Para celebrar el D\u00eda Mundial del Zarapito este mes, aqu\u00ed el \u00faltimo avistamiento registrado del Zarapito Esquimal (Numenius borealis), que ahora se cree extinto.","og_url":"https:\/\/whsrn.org\/es\/un-dia-en-la-vida-del-zarapito-esquimal\/","og_site_name":"WHSRN","article_publisher":"https:\/\/www.facebook.com\/WHSRN","article_published_time":"2020-04-28T23:49:57+00:00","article_modified_time":"2020-04-30T13:49:24+00:00","og_image":[{"width":1680,"height":775,"url":"https:\/\/whsrn.org\/wp-content\/uploads\/2020\/04\/eskimo_wpfeature.jpg","type":"image\/jpeg"}],"author":"Marcela Castellino","twitter_card":"summary_large_image","twitter_creator":"@WHSRN","twitter_site":"@WHSRN","twitter_misc":{"Escrito por":"Marcela Castellino","Tiempo de lectura":"7 minutos"},"schema":{"@context":"https:\/\/schema.org","@graph":[{"@type":"Article","@id":"https:\/\/whsrn.org\/es\/un-dia-en-la-vida-del-zarapito-esquimal\/#article","isPartOf":{"@id":"https:\/\/whsrn.org\/es\/un-dia-en-la-vida-del-zarapito-esquimal\/"},"author":{"name":"Marcela Castellino","@id":"https:\/\/whsrn.org\/es\/#\/schema\/person\/59ab54be64af981f00ff590735261767"},"headline":"Un D\u00eda en la Vida del Zarapito Esquimal","datePublished":"2020-04-28T23:49:57+00:00","dateModified":"2020-04-30T13:49:24+00:00","mainEntityOfPage":{"@id":"https:\/\/whsrn.org\/es\/un-dia-en-la-vida-del-zarapito-esquimal\/"},"wordCount":1369,"publisher":{"@id":"https:\/\/whsrn.org\/es\/#organization"},"image":{"@id":"https:\/\/whsrn.org\/es\/un-dia-en-la-vida-del-zarapito-esquimal\/#primaryimage"},"thumbnailUrl":"https:\/\/whsrn.org\/wp-content\/uploads\/2020\/04\/eskimo_wpfeature.jpg","keywords":["Eskimo Curlew","Numenius borealis","World Curlew Day"],"articleSection":["Conservation Issues","Eventos, Festivales y Celebraciones","Events, Festivals, and Celebrations","Problemas de Conservaci\u00f3n","Uncategorized","WHSRN","WHSRN"],"inLanguage":"es"},{"@type":"WebPage","@id":"https:\/\/whsrn.org\/es\/un-dia-en-la-vida-del-zarapito-esquimal\/","url":"https:\/\/whsrn.org\/es\/un-dia-en-la-vida-del-zarapito-esquimal\/","name":"Un D\u00eda en la Vida del Zarapito Esquimal","isPartOf":{"@id":"https:\/\/whsrn.org\/es\/#website"},"primaryImageOfPage":{"@id":"https:\/\/whsrn.org\/es\/un-dia-en-la-vida-del-zarapito-esquimal\/#primaryimage"},"image":{"@id":"https:\/\/whsrn.org\/es\/un-dia-en-la-vida-del-zarapito-esquimal\/#primaryimage"},"thumbnailUrl":"https:\/\/whsrn.org\/wp-content\/uploads\/2020\/04\/eskimo_wpfeature.jpg","datePublished":"2020-04-28T23:49:57+00:00","dateModified":"2020-04-30T13:49:24+00:00","description":"Para celebrar el D\u00eda Mundial del Zarapito este mes, aqu\u00ed el \u00faltimo avistamiento registrado del Zarapito Esquimal (Numenius borealis), que ahora se cree extinto.","breadcrumb":{"@id":"https:\/\/whsrn.org\/es\/un-dia-en-la-vida-del-zarapito-esquimal\/#breadcrumb"},"inLanguage":"es","potentialAction":[{"@type":"ReadAction","target":["https:\/\/whsrn.org\/es\/un-dia-en-la-vida-del-zarapito-esquimal\/"]}]},{"@type":"ImageObject","inLanguage":"es","@id":"https:\/\/whsrn.org\/es\/un-dia-en-la-vida-del-zarapito-esquimal\/#primaryimage","url":"https:\/\/whsrn.org\/wp-content\/uploads\/2020\/04\/eskimo_wpfeature.jpg","contentUrl":"https:\/\/whsrn.org\/wp-content\/uploads\/2020\/04\/eskimo_wpfeature.jpg","width":1680,"height":775},{"@type":"BreadcrumbList","@id":"https:\/\/whsrn.org\/es\/un-dia-en-la-vida-del-zarapito-esquimal\/#breadcrumb","itemListElement":[{"@type":"ListItem","position":1,"name":"Home","item":"https:\/\/whsrn.org\/es\/"},{"@type":"ListItem","position":2,"name":"Un D\u00eda en la Vida del Zarapito Esquimal"}]},{"@type":"WebSite","@id":"https:\/\/whsrn.org\/es\/#website","url":"https:\/\/whsrn.org\/es\/","name":"WHSRN","description":"Western Hemisphere Shorebird Reserve Network","publisher":{"@id":"https:\/\/whsrn.org\/es\/#organization"},"potentialAction":[{"@type":"SearchAction","target":{"@type":"EntryPoint","urlTemplate":"https:\/\/whsrn.org\/es\/?s={search_term_string}"},"query-input":{"@type":"PropertyValueSpecification","valueRequired":true,"valueName":"search_term_string"}}],"inLanguage":"es"},{"@type":"Organization","@id":"https:\/\/whsrn.org\/es\/#organization","name":"Western Hemisphere Shorebird Reserve Network","url":"https:\/\/whsrn.org\/es\/","logo":{"@type":"ImageObject","inLanguage":"es","@id":"https:\/\/whsrn.org\/es\/#\/schema\/logo\/image\/","url":"https:\/\/whsrn.org\/wp-content\/uploads\/2021\/01\/whsrn_nostrapline_square.png","contentUrl":"https:\/\/whsrn.org\/wp-content\/uploads\/2021\/01\/whsrn_nostrapline_square.png","width":800,"height":800,"caption":"Western Hemisphere Shorebird Reserve Network"},"image":{"@id":"https:\/\/whsrn.org\/es\/#\/schema\/logo\/image\/"},"sameAs":["https:\/\/www.facebook.com\/WHSRN","https:\/\/x.com\/WHSRN","https:\/\/www.youtube.com\/channel\/UCDMz2oCsiK8e03UxFhHhdEA"]},{"@type":"Person","@id":"https:\/\/whsrn.org\/es\/#\/schema\/person\/59ab54be64af981f00ff590735261767","name":"Marcela Castellino","image":{"@type":"ImageObject","inLanguage":"es","@id":"https:\/\/secure.gravatar.com\/avatar\/98e44c060c5317cc076e9cb6e12b66ad75844edc60455f61dcb065f3af993b0e?s=96&d=mm&r=g","url":"https:\/\/secure.gravatar.com\/avatar\/98e44c060c5317cc076e9cb6e12b66ad75844edc60455f61dcb065f3af993b0e?s=96&d=mm&r=g","contentUrl":"https:\/\/secure.gravatar.com\/avatar\/98e44c060c5317cc076e9cb6e12b66ad75844edc60455f61dcb065f3af993b0e?s=96&d=mm&r=g","caption":"Marcela Castellino"},"url":"https:\/\/whsrn.org\/es\/author\/mcastellinowhsrn\/"}]}},"_links":{"self":[{"href":"https:\/\/whsrn.org\/es\/wp-json\/wp\/v2\/posts\/13167","targetHints":{"allow":["GET"]}}],"collection":[{"href":"https:\/\/whsrn.org\/es\/wp-json\/wp\/v2\/posts"}],"about":[{"href":"https:\/\/whsrn.org\/es\/wp-json\/wp\/v2\/types\/post"}],"author":[{"embeddable":true,"href":"https:\/\/whsrn.org\/es\/wp-json\/wp\/v2\/users\/15"}],"replies":[{"embeddable":true,"href":"https:\/\/whsrn.org\/es\/wp-json\/wp\/v2\/comments?post=13167"}],"version-history":[{"count":1,"href":"https:\/\/whsrn.org\/es\/wp-json\/wp\/v2\/posts\/13167\/revisions"}],"predecessor-version":[{"id":13168,"href":"https:\/\/whsrn.org\/es\/wp-json\/wp\/v2\/posts\/13167\/revisions\/13168"}],"wp:featuredmedia":[{"embeddable":true,"href":"https:\/\/whsrn.org\/es\/wp-json\/wp\/v2\/media\/13138"}],"wp:attachment":[{"href":"https:\/\/whsrn.org\/es\/wp-json\/wp\/v2\/media?parent=13167"}],"wp:term":[{"taxonomy":"category","embeddable":true,"href":"https:\/\/whsrn.org\/es\/wp-json\/wp\/v2\/categories?post=13167"},{"taxonomy":"post_tag","embeddable":true,"href":"https:\/\/whsrn.org\/es\/wp-json\/wp\/v2\/tags?post=13167"}],"curies":[{"name":"wp","href":"https:\/\/api.w.org\/{rel}","templated":true}]}}